{"id":9501,"date":"2016-03-10T21:10:07","date_gmt":"2016-03-10T20:10:07","guid":{"rendered":"https:\/\/mileon.wordpress.com\/?p=9501"},"modified":"2016-03-10T21:10:07","modified_gmt":"2016-03-10T20:10:07","slug":"sesion-clinica-72016-amiloidosis-primaria","status":"publish","type":"post","link":"https:\/\/www.icscyl.com\/mileon\/sesiones-clinicas\/2016-03-10\/sesion-clinica-72016-amiloidosis-primaria\/","title":{"rendered":"Sesi\u00f3n cl\u00ednica 7\/2016: amiloidosis primaria?"},"content":{"rendered":"<p style=\"text-align:justify;\"><a href=\"https:\/\/mileon.wordpress.com\/2016\/03\/10\/sesion-clinica-72016-amiloidosis-primaria\/imagen-297\/#main\" rel=\"attachment wp-att-9502\"><img loading=\"lazy\" decoding=\"async\" class=\"alignright  wp-image-9502\" src=\"https:\/\/mileon.files.wordpress.com\/2016\/03\/imagen1.jpeg\" alt=\"imagen\" width=\"190\" height=\"186\" \/><\/a>Var\u00f3n de 76 a\u00f1os con silicosis complicada, ERC estadio III e IAM inferior en 2013 que presenta insuficiencia cardiaca progresiva que se hace refractaria y que cursa con empeoramiento en funci\u00f3n renal (con proteinuria) llegando a la di\u00e1lisis.<\/p>\n<p style=\"text-align:justify;\">El caso fue comentado por la Dra. Renata S\u00e1nchez Mahave (R3 MI) partiendo de la miocardiopat\u00eda restrictiva y la presencia de una banda monoclonal. Su presentaci\u00f3n se puede ver en el siguiente <strong><a href=\"https:\/\/drive.google.com\/file\/d\/0BxXYCqMXR4ZaejJocE9DYmNwWFU\/view?usp=sharing\">enlace.<\/a><\/strong><br \/>\nLa soluci\u00f3n la aport\u00f3 la Dra. Rosario Garc\u00eda Diez (adjunta MI) y los resultados de las pruebas realizadas se pueden visualizar <strong><a href=\"https:\/\/drive.google.com\/file\/d\/0BxXYCqMXR4ZaeC0tOXVaMVBUdm8\/view?usp=sharing\">aqu\u00ed.<\/a><\/strong> A la sesi\u00f3n fue el Dr. Fernando Escalante (adjunto Hematolog\u00eda) que nos explic\u00f3 el manejo de las gammapat\u00edas monoclonales de origen incierto, que se puede descargar <strong><a href=\"https:\/\/drive.google.com\/file\/d\/0BxXYCqMXR4ZaRmFVTTlCaS0xMmM\/view?usp=sharing\">aqu\u00ed<\/a><\/strong>, adem\u00e1s de hablar de la evoluci\u00f3n de este paciente. Se trat\u00f3 como una amiloidosis, sin llegar a tener la confirmaci\u00f3n histol\u00f3gica siendo la respuesta favorable, si bien no recuper\u00f3 la funci\u00f3n renal. Falleci\u00f3 a los seis meses como consecuencia de una diverticulitis perforada.<\/p>\n<p style=\"text-align:justify;\">Recordamos que el pr\u00f3ximo mi\u00e9rcoles 16 de marzo a las 15:30 h en el Sal\u00f3n de Actos del Hospital comenzar\u00e1n las \u201cI Jornadas de Actualizaci\u00f3n en Hematolog\u00eda\u201d<\/p>\n","protected":false},"excerpt":{"rendered":"<p>Var\u00f3n de 76 a\u00f1os con silicosis complicada, ERC estadio III e IAM inferior en 2013 que presenta insuficiencia cardiaca progresiva que se hace refractaria y que cursa con empeoramiento en funci\u00f3n renal (con proteinuria) llegando a la di\u00e1lisis. El caso fue comentado por la Dra. Renata S\u00e1nchez Mahave (R3 MI) partiendo de la miocardiopat\u00eda restrictiva [&hellip;]<\/p>\n","protected":false},"author":6,"featured_media":0,"comment_status":"open","ping_status":"open","sticky":false,"template":"","format":"standard","meta":{"jetpack_post_was_ever_published":false,"_jetpack_newsletter_access":"","_jetpack_dont_email_post_to_subs":false,"_jetpack_newsletter_tier_id":0,"_jetpack_memberships_contains_paywalled_content":false,"_jetpack_memberships_contains_paid_content":false,"footnotes":"","jetpack_publicize_message":"","jetpack_publicize_feature_enabled":true,"jetpack_social_post_already_shared":false,"jetpack_social_options":{"image_generator_settings":{"template":"highway","default_image_id":0,"font":"","enabled":false},"version":2}},"categories":[723],"tags":[1009,837],"class_list":["post-9501","post","type-post","status-publish","format-standard","hentry","category-sesiones-clinicas","tag-rosario-garcia","tag-escalante"],"jetpack_publicize_connections":[],"jetpack_featured_media_url":"","jetpack_sharing_enabled":true,"post_mailing_queue_ids":[],"_links":{"self":[{"href":"https:\/\/www.icscyl.com\/mileon\/wp-json\/wp\/v2\/posts\/9501","targetHints":{"allow":["GET"]}}],"collection":[{"href":"https:\/\/www.icscyl.com\/mileon\/wp-json\/wp\/v2\/posts"}],"about":[{"href":"https:\/\/www.icscyl.com\/mileon\/wp-json\/wp\/v2\/types\/post"}],"author":[{"embeddable":true,"href":"https:\/\/www.icscyl.com\/mileon\/wp-json\/wp\/v2\/users\/6"}],"replies":[{"embeddable":true,"href":"https:\/\/www.icscyl.com\/mileon\/wp-json\/wp\/v2\/comments?post=9501"}],"version-history":[{"count":0,"href":"https:\/\/www.icscyl.com\/mileon\/wp-json\/wp\/v2\/posts\/9501\/revisions"}],"wp:attachment":[{"href":"https:\/\/www.icscyl.com\/mileon\/wp-json\/wp\/v2\/media?parent=9501"}],"wp:term":[{"taxonomy":"category","embeddable":true,"href":"https:\/\/www.icscyl.com\/mileon\/wp-json\/wp\/v2\/categories?post=9501"},{"taxonomy":"post_tag","embeddable":true,"href":"https:\/\/www.icscyl.com\/mileon\/wp-json\/wp\/v2\/tags?post=9501"}],"curies":[{"name":"wp","href":"https:\/\/api.w.org\/{rel}","templated":true}]}}