{"id":9484,"date":"2016-03-07T10:00:03","date_gmt":"2016-03-07T09:00:03","guid":{"rendered":"https:\/\/mileon.wordpress.com\/?p=9484"},"modified":"2016-03-07T10:00:03","modified_gmt":"2016-03-07T09:00:03","slug":"sesion-clinica-62016-seminoma-testicular","status":"publish","type":"post","link":"https:\/\/www.icscyl.com\/mileon\/sesiones-clinicas\/2016-03-07\/sesion-clinica-62016-seminoma-testicular\/","title":{"rendered":"Sesi\u00f3n cl\u00ednica 6\/2016: Seminoma testicular"},"content":{"rendered":"<p><img loading=\"lazy\" decoding=\"async\" class=\" size-medium wp-image-9488 alignright\" src=\"https:\/\/mileon.files.wordpress.com\/2016\/03\/seminoma_of_the_testis_gross.jpg?w=300\" alt=\"Seminoma_of_the_testis_gross\" width=\"300\" height=\"199\" \/>La sesi\u00f3n cl\u00ednica del pasado miercoles trataba sobre un paciente joven que debutaba con una trombosis iliofemoral y compresi\u00f3n de vena cava inferior por masa retroperitoneal. El diagn\u00f3stico diferencial fue realizado por el Dr. Estrada (R5) sobre un caso aportado por la Dra. Li\u00f1\u00e1n. Se realiz\u00f3 orquiectom\u00eda y biopsia tructur de la masa que correspond\u00eda a un conglomerado adenop\u00e1tico con el diagn\u00f3stico de seminoma puro; el paciente se encuentra pendiente de completar tratamiento tras la cirug\u00eda. Su sesi\u00f3n conjunta se puede descargar en el siguiente\u00a0<a href=\"https:\/\/drive.google.com\/file\/d\/0BxXYCqMXR4Zaa1dtVTJpRUwxLVU\/view?usp=sharing\">enlace.<\/a><\/p>\n","protected":false},"excerpt":{"rendered":"<p>La sesi\u00f3n cl\u00ednica del pasado miercoles trataba sobre un paciente joven que debutaba con una trombosis iliofemoral y compresi\u00f3n de vena cava inferior por masa retroperitoneal. El diagn\u00f3stico diferencial fue realizado por el Dr. Estrada (R5) sobre un caso aportado por la Dra. Li\u00f1\u00e1n. Se realiz\u00f3 orquiectom\u00eda y biopsia tructur de la masa que correspond\u00eda [&hellip;]<\/p>\n","protected":false},"author":4,"featured_media":0,"comment_status":"open","ping_status":"open","sticky":false,"template":"","format":"standard","meta":{"jetpack_post_was_ever_published":false,"_jetpack_newsletter_access":"","_jetpack_dont_email_post_to_subs":false,"_jetpack_newsletter_tier_id":0,"_jetpack_memberships_contains_paywalled_content":false,"_jetpack_memberships_contains_paid_content":false,"footnotes":"","jetpack_publicize_message":"","jetpack_publicize_feature_enabled":true,"jetpack_social_post_already_shared":false,"jetpack_social_options":{"image_generator_settings":{"template":"highway","default_image_id":0,"font":"","enabled":false},"version":2}},"categories":[723],"tags":[900],"class_list":["post-9484","post","type-post","status-publish","format-standard","hentry","category-sesiones-clinicas","tag-linan"],"jetpack_publicize_connections":[],"jetpack_featured_media_url":"","jetpack_sharing_enabled":true,"post_mailing_queue_ids":[],"_links":{"self":[{"href":"https:\/\/www.icscyl.com\/mileon\/wp-json\/wp\/v2\/posts\/9484","targetHints":{"allow":["GET"]}}],"collection":[{"href":"https:\/\/www.icscyl.com\/mileon\/wp-json\/wp\/v2\/posts"}],"about":[{"href":"https:\/\/www.icscyl.com\/mileon\/wp-json\/wp\/v2\/types\/post"}],"author":[{"embeddable":true,"href":"https:\/\/www.icscyl.com\/mileon\/wp-json\/wp\/v2\/users\/4"}],"replies":[{"embeddable":true,"href":"https:\/\/www.icscyl.com\/mileon\/wp-json\/wp\/v2\/comments?post=9484"}],"version-history":[{"count":0,"href":"https:\/\/www.icscyl.com\/mileon\/wp-json\/wp\/v2\/posts\/9484\/revisions"}],"wp:attachment":[{"href":"https:\/\/www.icscyl.com\/mileon\/wp-json\/wp\/v2\/media?parent=9484"}],"wp:term":[{"taxonomy":"category","embeddable":true,"href":"https:\/\/www.icscyl.com\/mileon\/wp-json\/wp\/v2\/categories?post=9484"},{"taxonomy":"post_tag","embeddable":true,"href":"https:\/\/www.icscyl.com\/mileon\/wp-json\/wp\/v2\/tags?post=9484"}],"curies":[{"name":"wp","href":"https:\/\/api.w.org\/{rel}","templated":true}]}}