{"id":9351,"date":"2016-02-09T21:34:54","date_gmt":"2016-02-09T20:34:54","guid":{"rendered":"https:\/\/mileon.wordpress.com\/?p=9351"},"modified":"2016-02-09T21:34:54","modified_gmt":"2016-02-09T20:34:54","slug":"trastornos-de-la-conducta","status":"publish","type":"post","link":"https:\/\/www.icscyl.com\/mileon\/maitines\/2016-02-09\/trastornos-de-la-conducta\/","title":{"rendered":"Trastornos de la conducta."},"content":{"rendered":"<p style=\"text-align:justify;\">La Sesi\u00f3n de hoy (9-02-16) le corresponi\u00f3 al Dr. Francisco Rodr\u00edguez, del S\u00ba de Psiquiatr\u00eda. Como responsable de la Unidad de Patolog\u00eda Dual de su Servicio, hace una revisi\u00f3n de una patolog\u00eda psiqui\u00e1trica frecuente y relacionada con otros trastornos. Se<img loading=\"lazy\" decoding=\"async\" class=\"  wp-image-9366 alignright\" src=\"https:\/\/mileon.files.wordpress.com\/2016\/02\/n-violencia-large570.jpg\" alt=\"n-VIOLENCIA-large570\" width=\"254\" height=\"106\" \/> plantea el problema de los trastornos de conducta, de su variabilidad y dificultades de sistematizaci\u00f3n, y de su manejo pr\u00e1ctico. La definici\u00f3n del concepto ya demuestra la complejidad del esta alteraci\u00f3n: \u00ab<em>Conducta culturalmente anormal de tal intensidad, frecuencia o duracio\u0301n que la integridad fi\u0301sica de la persona u otros va a estar en serio riesgo o conducta que va a resultar en una seria limitacio\u0301n del uso o a la negacio\u0301n del acceso a servicios comunitarios ordinarios a la persona<\/em>\u00ab. Se destaca la importancia de la colaboraci\u00f3n con los psic\u00f3logos y el tiempo prolongado que se necesita para conseguir resultados efectivos.<\/p>\n<p style=\"text-align:justify;\">Para descargar la presentaci\u00f3n completa pichar <em><strong><a href=\"https:\/\/drive.google.com\/file\/d\/0BxXYCqMXR4ZaS1JvQVF6VGFKMms\/view?usp=sharing\">AQU\u00cd<\/a><\/strong><\/em><\/p>\n","protected":false},"excerpt":{"rendered":"<p>La Sesi\u00f3n de hoy (9-02-16) le corresponi\u00f3 al Dr. Francisco Rodr\u00edguez, del S\u00ba de Psiquiatr\u00eda. Como responsable de la Unidad de Patolog\u00eda Dual de su Servicio, hace una revisi\u00f3n de una patolog\u00eda psiqui\u00e1trica frecuente y relacionada con otros trastornos. Se plantea el problema de los trastornos de conducta, de su variabilidad y dificultades de sistematizaci\u00f3n, [&hellip;]<\/p>\n","protected":false},"author":5,"featured_media":0,"comment_status":"open","ping_status":"open","sticky":false,"template":"","format":"standard","meta":{"jetpack_post_was_ever_published":false,"_jetpack_newsletter_access":"","_jetpack_dont_email_post_to_subs":false,"_jetpack_newsletter_tier_id":0,"_jetpack_memberships_contains_paywalled_content":false,"_jetpack_memberships_contains_paid_content":false,"footnotes":"","jetpack_publicize_message":"","jetpack_publicize_feature_enabled":true,"jetpack_social_post_already_shared":false,"jetpack_social_options":{"image_generator_settings":{"template":"highway","default_image_id":0,"font":"","enabled":false},"version":2}},"categories":[715],"tags":[849],"class_list":["post-9351","post","type-post","status-publish","format-standard","hentry","category-maitines","tag-francisco-rodriguez"],"jetpack_publicize_connections":[],"jetpack_featured_media_url":"","jetpack_sharing_enabled":true,"post_mailing_queue_ids":[],"_links":{"self":[{"href":"https:\/\/www.icscyl.com\/mileon\/wp-json\/wp\/v2\/posts\/9351","targetHints":{"allow":["GET"]}}],"collection":[{"href":"https:\/\/www.icscyl.com\/mileon\/wp-json\/wp\/v2\/posts"}],"about":[{"href":"https:\/\/www.icscyl.com\/mileon\/wp-json\/wp\/v2\/types\/post"}],"author":[{"embeddable":true,"href":"https:\/\/www.icscyl.com\/mileon\/wp-json\/wp\/v2\/users\/5"}],"replies":[{"embeddable":true,"href":"https:\/\/www.icscyl.com\/mileon\/wp-json\/wp\/v2\/comments?post=9351"}],"version-history":[{"count":0,"href":"https:\/\/www.icscyl.com\/mileon\/wp-json\/wp\/v2\/posts\/9351\/revisions"}],"wp:attachment":[{"href":"https:\/\/www.icscyl.com\/mileon\/wp-json\/wp\/v2\/media?parent=9351"}],"wp:term":[{"taxonomy":"category","embeddable":true,"href":"https:\/\/www.icscyl.com\/mileon\/wp-json\/wp\/v2\/categories?post=9351"},{"taxonomy":"post_tag","embeddable":true,"href":"https:\/\/www.icscyl.com\/mileon\/wp-json\/wp\/v2\/tags?post=9351"}],"curies":[{"name":"wp","href":"https:\/\/api.w.org\/{rel}","templated":true}]}}