{"id":9322,"date":"2016-02-03T17:48:17","date_gmt":"2016-02-03T16:48:17","guid":{"rendered":"https:\/\/mileon.wordpress.com\/?p=9322"},"modified":"2016-02-03T17:48:17","modified_gmt":"2016-02-03T16:48:17","slug":"sesion-clinico-radiologica-32016-esclerosis-lateral-amiotrofica","status":"publish","type":"post","link":"https:\/\/www.icscyl.com\/mileon\/sesiones-clinicas\/2016-02-03\/sesion-clinico-radiologica-32016-esclerosis-lateral-amiotrofica\/","title":{"rendered":"Sesi\u00f3n cl\u00ednica 3\/2016: esclerosis lateral amiotr\u00f3fica."},"content":{"rendered":"<p style=\"text-align:justify;\"><a href=\"https:\/\/mileon.wordpress.com\/2016\/02\/03\/sesion-clinico-radiologica-32016-esclerosis-lateral-amiotrofica\/imagen-286\/#main\" rel=\"attachment wp-att-9323\"><img loading=\"lazy\" decoding=\"async\" class=\"alignright wp-image-9323\" src=\"https:\/\/mileon.files.wordpress.com\/2016\/02\/imagen.jpg\" alt=\"Imagen\" width=\"168\" height=\"127\" \/><\/a>Var\u00f3n de 60 a\u00f1os con antecedentes de tabaquismo, asma, hiperuricemia y artritis no filiada que presenta desde hace varios meses debilidad generalizada a la que se asocia disfag\u00eda, disfon\u00eda y disartr\u00eda.<br \/>\nLa sesi\u00f3n se dio hoy 3 de febrero de 2016. El diagn\u00f3stico lo realiz\u00f3 el Dr. Adri\u00e1n Arg\u00fcelles Curto (R2 MI) partiendo de la amiotrofia. Su presentaci\u00f3n se puede ver en el siguiente <strong><a href=\"https:\/\/drive.google.com\/file\/d\/0BxXYCqMXR4ZaT2hxMlh0LWVUVEk\/view?usp=sharing\">enlace.<\/a><\/strong><br \/>\nLa soluci\u00f3n la facilit\u00f3 el Dr. Juan Carlos Borrego Gal\u00e1n (adjunto MI). Coment\u00f3 algunas de las pruebas realizadas como una RM craneal normal y el EMG que mostr\u00f3 actividad espont\u00e1nea denervativa en todos los m\u00fasculos explorados, potenciales aumentados, p\u00e9rdida de unidades motoras y polifasia. Se instaur\u00f3 tratamiento con riluzol y CPAP. Falleci\u00f3 a los 4 a\u00f1os.<\/p>\n","protected":false},"excerpt":{"rendered":"<p>Var\u00f3n de 60 a\u00f1os con antecedentes de tabaquismo, asma, hiperuricemia y artritis no filiada que presenta desde hace varios meses debilidad generalizada a la que se asocia disfag\u00eda, disfon\u00eda y disartr\u00eda. La sesi\u00f3n se dio hoy 3 de febrero de 2016. El diagn\u00f3stico lo realiz\u00f3 el Dr. Adri\u00e1n Arg\u00fcelles Curto (R2 MI) partiendo de la [&hellip;]<\/p>\n","protected":false},"author":6,"featured_media":0,"comment_status":"open","ping_status":"open","sticky":false,"template":"","format":"standard","meta":{"jetpack_post_was_ever_published":false,"_jetpack_newsletter_access":"","_jetpack_dont_email_post_to_subs":false,"_jetpack_newsletter_tier_id":0,"_jetpack_memberships_contains_paywalled_content":false,"_jetpack_memberships_contains_paid_content":false,"footnotes":"","jetpack_publicize_message":"","jetpack_publicize_feature_enabled":true,"jetpack_social_post_already_shared":false,"jetpack_social_options":{"image_generator_settings":{"template":"highway","default_image_id":0,"font":"","enabled":false},"version":2}},"categories":[723],"tags":[],"class_list":["post-9322","post","type-post","status-publish","format-standard","hentry","category-sesiones-clinicas"],"jetpack_publicize_connections":[],"jetpack_featured_media_url":"","jetpack_sharing_enabled":true,"post_mailing_queue_ids":[],"_links":{"self":[{"href":"https:\/\/www.icscyl.com\/mileon\/wp-json\/wp\/v2\/posts\/9322","targetHints":{"allow":["GET"]}}],"collection":[{"href":"https:\/\/www.icscyl.com\/mileon\/wp-json\/wp\/v2\/posts"}],"about":[{"href":"https:\/\/www.icscyl.com\/mileon\/wp-json\/wp\/v2\/types\/post"}],"author":[{"embeddable":true,"href":"https:\/\/www.icscyl.com\/mileon\/wp-json\/wp\/v2\/users\/6"}],"replies":[{"embeddable":true,"href":"https:\/\/www.icscyl.com\/mileon\/wp-json\/wp\/v2\/comments?post=9322"}],"version-history":[{"count":0,"href":"https:\/\/www.icscyl.com\/mileon\/wp-json\/wp\/v2\/posts\/9322\/revisions"}],"wp:attachment":[{"href":"https:\/\/www.icscyl.com\/mileon\/wp-json\/wp\/v2\/media?parent=9322"}],"wp:term":[{"taxonomy":"category","embeddable":true,"href":"https:\/\/www.icscyl.com\/mileon\/wp-json\/wp\/v2\/categories?post=9322"},{"taxonomy":"post_tag","embeddable":true,"href":"https:\/\/www.icscyl.com\/mileon\/wp-json\/wp\/v2\/tags?post=9322"}],"curies":[{"name":"wp","href":"https:\/\/api.w.org\/{rel}","templated":true}]}}