{"id":9187,"date":"2016-01-11T18:00:12","date_gmt":"2016-01-11T17:00:12","guid":{"rendered":"https:\/\/mileon.wordpress.com\/?p=9187"},"modified":"2016-01-11T18:00:12","modified_gmt":"2016-01-11T17:00:12","slug":"hipertesion-y-deterioro-cognitivo-en-el-paciente-geriatrico","status":"publish","type":"post","link":"https:\/\/www.icscyl.com\/mileon\/sesiones-bibliograficas\/2016-01-11\/hipertesion-y-deterioro-cognitivo-en-el-paciente-geriatrico\/","title":{"rendered":"Hipertesi\u00f3n y deterioro cognitivo en el paciente geri\u00e1trico"},"content":{"rendered":"<p><img loading=\"lazy\" decoding=\"async\" class=\" size-full wp-image-9191 alignright\" src=\"https:\/\/mileon.files.wordpress.com\/2016\/01\/new-jags-cover_thumbnail.jpg\" alt=\"New JAGS Cover_thumbnail\" width=\"140\" height=\"190\" \/>Primera sesi\u00f3n bibliogr\u00e1fica del 2016 presentada por el Dr. Idoate del servicio de Geriatr\u00eda, que repas\u00f3 diferentes art\u00edculos sobre la relaci\u00f3n entre hipertensi\u00f3n y deterioro cognitivo en el paciente geri\u00e1trico publicados en el Journal of American Geriatrics Society<\/p>\n<p>Su presentaci\u00f3n se encuentra disponible en el siguiente\u00a0<a href=\"https:\/\/drive.google.com\/file\/d\/0BxXYCqMXR4Zab2E4OXVHcmhpMHM\/view?usp=sharing\">enlace.<\/a><\/p>\n","protected":false},"excerpt":{"rendered":"<p>Primera sesi\u00f3n bibliogr\u00e1fica del 2016 presentada por el Dr. Idoate del servicio de Geriatr\u00eda, que repas\u00f3 diferentes art\u00edculos sobre la relaci\u00f3n entre hipertensi\u00f3n y deterioro cognitivo en el paciente geri\u00e1trico publicados en el Journal of American Geriatrics Society Su presentaci\u00f3n se encuentra disponible en el siguiente\u00a0enlace.<\/p>\n","protected":false},"author":4,"featured_media":0,"comment_status":"open","ping_status":"open","sticky":false,"template":"","format":"standard","meta":{"jetpack_post_was_ever_published":false,"_jetpack_newsletter_access":"","_jetpack_dont_email_post_to_subs":false,"_jetpack_newsletter_tier_id":0,"_jetpack_memberships_contains_paywalled_content":false,"_jetpack_memberships_contains_paid_content":false,"footnotes":"","jetpack_publicize_message":"","jetpack_publicize_feature_enabled":true,"jetpack_social_post_already_shared":false,"jetpack_social_options":{"image_generator_settings":{"template":"highway","default_image_id":0,"font":"","enabled":false},"version":2}},"categories":[722],"tags":[],"class_list":["post-9187","post","type-post","status-publish","format-standard","hentry","category-sesiones-bibliograficas"],"jetpack_publicize_connections":[],"jetpack_featured_media_url":"","jetpack_sharing_enabled":true,"post_mailing_queue_ids":[],"_links":{"self":[{"href":"https:\/\/www.icscyl.com\/mileon\/wp-json\/wp\/v2\/posts\/9187","targetHints":{"allow":["GET"]}}],"collection":[{"href":"https:\/\/www.icscyl.com\/mileon\/wp-json\/wp\/v2\/posts"}],"about":[{"href":"https:\/\/www.icscyl.com\/mileon\/wp-json\/wp\/v2\/types\/post"}],"author":[{"embeddable":true,"href":"https:\/\/www.icscyl.com\/mileon\/wp-json\/wp\/v2\/users\/4"}],"replies":[{"embeddable":true,"href":"https:\/\/www.icscyl.com\/mileon\/wp-json\/wp\/v2\/comments?post=9187"}],"version-history":[{"count":0,"href":"https:\/\/www.icscyl.com\/mileon\/wp-json\/wp\/v2\/posts\/9187\/revisions"}],"wp:attachment":[{"href":"https:\/\/www.icscyl.com\/mileon\/wp-json\/wp\/v2\/media?parent=9187"}],"wp:term":[{"taxonomy":"category","embeddable":true,"href":"https:\/\/www.icscyl.com\/mileon\/wp-json\/wp\/v2\/categories?post=9187"},{"taxonomy":"post_tag","embeddable":true,"href":"https:\/\/www.icscyl.com\/mileon\/wp-json\/wp\/v2\/tags?post=9187"}],"curies":[{"name":"wp","href":"https:\/\/api.w.org\/{rel}","templated":true}]}}