{"id":8968,"date":"2015-11-30T19:25:35","date_gmt":"2015-11-30T18:25:35","guid":{"rendered":"https:\/\/mileon.wordpress.com\/?p=8968"},"modified":"2015-11-30T19:25:35","modified_gmt":"2015-11-30T18:25:35","slug":"nueva-generacion-de-test-de-funcion-pulmonar","status":"publish","type":"post","link":"https:\/\/www.icscyl.com\/mileon\/maitines\/2015-11-30\/nueva-generacion-de-test-de-funcion-pulmonar\/","title":{"rendered":"Nueva generaci\u00f3n de test de funci\u00f3n pulmonar."},"content":{"rendered":"<p style=\"text-align:justify;\">El 10 de Noviembre en la Sesi\u00f3n del Dr. Florentino D\u00edez (S\u00ba de Neumolog\u00eda)<img loading=\"lazy\" decoding=\"async\" class=\"  wp-image-8978 alignright\" src=\"https:\/\/mileon.files.wordpress.com\/2015\/11\/imagen11.jpg\" alt=\"Imagen1\" width=\"113\" height=\"188\" \/> se expone el novedoso tema de la utilidad del examen del aire exhalado. El concepto se basa en la correspondencia entre los compuestos vol\u00e1tiles del aire pulmonar y su concentraci\u00f3n sangu\u00ednea. La disponibilidad de nuevas tecnolog\u00edas basadas en an\u00e1lisis de cromatograf\u00eda y espectrometr\u00eda de masas permiten analizar los compuestos vol\u00e1tiles (org\u00e1nicos e inorg\u00e1nicos)-reconocidos como COVs- y su correlaci\u00f3n con diferentes patolog\u00edas. Hay publicada bibliograf\u00eda sobre la relaci\u00f3n entre diferentes compuestos del aire exhalado y el Ca. de pulm\u00f3m y mama, el Alzheimer, patolog\u00eda digestiva, etc. A la espera de nuevos trabajos que avalen esta relaci\u00f3n, queda como una nueva oportunidad diagn\u00f3stica.<\/p>\n<p style=\"text-align:justify;\">Para descargar la presentaci\u00f3n completa pinchar <em><strong><a href=\"https:\/\/drive.google.com\/file\/d\/0BxXYCqMXR4ZaTjRlRW9KZDVNQW8\/view?usp=sharing\">AQU\u00cd<\/a><\/strong><\/em><\/p>\n","protected":false},"excerpt":{"rendered":"<p>El 10 de Noviembre en la Sesi\u00f3n del Dr. Florentino D\u00edez (S\u00ba de Neumolog\u00eda) se expone el novedoso tema de la utilidad del examen del aire exhalado. El concepto se basa en la correspondencia entre los compuestos vol\u00e1tiles del aire pulmonar y su concentraci\u00f3n sangu\u00ednea. La disponibilidad de nuevas tecnolog\u00edas basadas en an\u00e1lisis de cromatograf\u00eda [&hellip;]<\/p>\n","protected":false},"author":5,"featured_media":0,"comment_status":"open","ping_status":"open","sticky":false,"template":"","format":"standard","meta":{"jetpack_post_was_ever_published":false,"_jetpack_newsletter_access":"","_jetpack_dont_email_post_to_subs":false,"_jetpack_newsletter_tier_id":0,"_jetpack_memberships_contains_paywalled_content":false,"_jetpack_memberships_contains_paid_content":false,"footnotes":"","jetpack_publicize_message":"","jetpack_publicize_feature_enabled":true,"jetpack_social_post_already_shared":false,"jetpack_social_options":{"image_generator_settings":{"template":"highway","default_image_id":0,"font":"","enabled":false},"version":2}},"categories":[715],"tags":[],"class_list":["post-8968","post","type-post","status-publish","format-standard","hentry","category-maitines"],"jetpack_publicize_connections":[],"jetpack_featured_media_url":"","jetpack_sharing_enabled":true,"post_mailing_queue_ids":[],"_links":{"self":[{"href":"https:\/\/www.icscyl.com\/mileon\/wp-json\/wp\/v2\/posts\/8968","targetHints":{"allow":["GET"]}}],"collection":[{"href":"https:\/\/www.icscyl.com\/mileon\/wp-json\/wp\/v2\/posts"}],"about":[{"href":"https:\/\/www.icscyl.com\/mileon\/wp-json\/wp\/v2\/types\/post"}],"author":[{"embeddable":true,"href":"https:\/\/www.icscyl.com\/mileon\/wp-json\/wp\/v2\/users\/5"}],"replies":[{"embeddable":true,"href":"https:\/\/www.icscyl.com\/mileon\/wp-json\/wp\/v2\/comments?post=8968"}],"version-history":[{"count":0,"href":"https:\/\/www.icscyl.com\/mileon\/wp-json\/wp\/v2\/posts\/8968\/revisions"}],"wp:attachment":[{"href":"https:\/\/www.icscyl.com\/mileon\/wp-json\/wp\/v2\/media?parent=8968"}],"wp:term":[{"taxonomy":"category","embeddable":true,"href":"https:\/\/www.icscyl.com\/mileon\/wp-json\/wp\/v2\/categories?post=8968"},{"taxonomy":"post_tag","embeddable":true,"href":"https:\/\/www.icscyl.com\/mileon\/wp-json\/wp\/v2\/tags?post=8968"}],"curies":[{"name":"wp","href":"https:\/\/api.w.org\/{rel}","templated":true}]}}