{"id":8869,"date":"2015-11-11T19:56:46","date_gmt":"2015-11-11T18:56:46","guid":{"rendered":"https:\/\/mileon.wordpress.com\/?p=8869"},"modified":"2015-11-11T19:56:46","modified_gmt":"2015-11-11T18:56:46","slug":"sesion-clinica-362015-siadh-secundario-carcinoma-de-celula-pequena-pulmonar","status":"publish","type":"post","link":"https:\/\/www.icscyl.com\/mileon\/sesiones-clinicas\/2015-11-11\/sesion-clinica-362015-siadh-secundario-carcinoma-de-celula-pequena-pulmonar\/","title":{"rendered":"Sesi\u00f3n cl\u00ednica 36\/2015: SIADH secundario carcinoma de c\u00e9lula peque\u00f1a pulmonar."},"content":{"rendered":"<p style=\"text-align:justify;\"><img loading=\"lazy\" decoding=\"async\" class=\"alignright  wp-image-8870\" src=\"https:\/\/mileon.files.wordpress.com\/2015\/11\/imagen1.jpg?w=300\" alt=\"imagen\" width=\"212\" height=\"158\" \/>Var\u00f3n de 84 a\u00f1os con antecedentes de hipertensi\u00f3n, fibrilaci\u00f3n auricular, diabetes, pr\u00f3tesis biol\u00f3gica a\u00f3rtica, epilepsia y arteritis de la temporal, presenta desde hace mes y medio astenia, anorexia y dolor lumbar. Se acompa\u00f1a de hiponatremia severa.<br \/>\nEsta ma\u00f1ana, 11 de noviembre de 2015, el diagnostico diferencial del caso cl\u00ednico lo hizo el Dr. Alberto Ferreras Garc\u00eda (R1 MI) enfoc\u00e1ndolo sobre la hiponatremia, causas y manejo, se puede ver en este\u00a0<strong><a href=\"https:\/\/drive.google.com\/file\/d\/0BxXYCqMXR4ZaSEZQVlRGYnFHVWc\/view?usp=sharing\">enlace.<\/a><\/strong><br \/>\nLa Dra. Raquel Rodr\u00edguez D\u00edez (adjunta MI) dio la soluci\u00f3n. Los resultados de las pruebas las pod\u00e9is visualizar\u00a0<strong><a href=\"https:\/\/drive.google.com\/file\/d\/0BxXYCqMXR4ZaVXp2c3lSaHBnWjQ\/view?usp=sharing\">aqu\u00ed.<\/a><\/strong><\/p>\n","protected":false},"excerpt":{"rendered":"<p>Var\u00f3n de 84 a\u00f1os con antecedentes de hipertensi\u00f3n, fibrilaci\u00f3n auricular, diabetes, pr\u00f3tesis biol\u00f3gica a\u00f3rtica, epilepsia y arteritis de la temporal, presenta desde hace mes y medio astenia, anorexia y dolor lumbar. Se acompa\u00f1a de hiponatremia severa. Esta ma\u00f1ana, 11 de noviembre de 2015, el diagnostico diferencial del caso cl\u00ednico lo hizo el Dr. Alberto Ferreras [&hellip;]<\/p>\n","protected":false},"author":6,"featured_media":0,"comment_status":"open","ping_status":"open","sticky":false,"template":"","format":"standard","meta":{"jetpack_post_was_ever_published":false,"_jetpack_newsletter_access":"","_jetpack_dont_email_post_to_subs":false,"_jetpack_newsletter_tier_id":0,"_jetpack_memberships_contains_paywalled_content":false,"_jetpack_memberships_contains_paid_content":false,"footnotes":"","jetpack_publicize_message":"","jetpack_publicize_feature_enabled":true,"jetpack_social_post_already_shared":false,"jetpack_social_options":{"image_generator_settings":{"template":"highway","default_image_id":0,"font":"","enabled":false},"version":2}},"categories":[723],"tags":[990],"class_list":["post-8869","post","type-post","status-publish","format-standard","hentry","category-sesiones-clinicas","tag-raquel-rodriguez"],"jetpack_publicize_connections":[],"jetpack_featured_media_url":"","jetpack_sharing_enabled":true,"post_mailing_queue_ids":[],"_links":{"self":[{"href":"https:\/\/www.icscyl.com\/mileon\/wp-json\/wp\/v2\/posts\/8869","targetHints":{"allow":["GET"]}}],"collection":[{"href":"https:\/\/www.icscyl.com\/mileon\/wp-json\/wp\/v2\/posts"}],"about":[{"href":"https:\/\/www.icscyl.com\/mileon\/wp-json\/wp\/v2\/types\/post"}],"author":[{"embeddable":true,"href":"https:\/\/www.icscyl.com\/mileon\/wp-json\/wp\/v2\/users\/6"}],"replies":[{"embeddable":true,"href":"https:\/\/www.icscyl.com\/mileon\/wp-json\/wp\/v2\/comments?post=8869"}],"version-history":[{"count":0,"href":"https:\/\/www.icscyl.com\/mileon\/wp-json\/wp\/v2\/posts\/8869\/revisions"}],"wp:attachment":[{"href":"https:\/\/www.icscyl.com\/mileon\/wp-json\/wp\/v2\/media?parent=8869"}],"wp:term":[{"taxonomy":"category","embeddable":true,"href":"https:\/\/www.icscyl.com\/mileon\/wp-json\/wp\/v2\/categories?post=8869"},{"taxonomy":"post_tag","embeddable":true,"href":"https:\/\/www.icscyl.com\/mileon\/wp-json\/wp\/v2\/tags?post=8869"}],"curies":[{"name":"wp","href":"https:\/\/api.w.org\/{rel}","templated":true}]}}