{"id":8829,"date":"2015-10-23T00:03:09","date_gmt":"2015-10-22T23:03:09","guid":{"rendered":"https:\/\/mileon.wordpress.com\/?p=8829"},"modified":"2015-10-23T00:03:09","modified_gmt":"2015-10-22T23:03:09","slug":"iv-curso-de-enfermedades-infecciosas-y-microbiologia-clinica-presentaciones-de-las-sesiones","status":"publish","type":"post","link":"https:\/\/www.icscyl.com\/mileon\/cursos-y-congresos\/2015-10-23\/iv-curso-de-enfermedades-infecciosas-y-microbiologia-clinica-presentaciones-de-las-sesiones\/","title":{"rendered":"IV Curso de Enfermedades Infecciosas y Microbiolog\u00eda Cl\u00ednica. Presentaciones de las Sesiones."},"content":{"rendered":"<p style=\"text-align:justify;\"><a href=\"https:\/\/mileon.files.wordpress.com\/2015\/10\/sin-tc3adtulo.jpg\"><img loading=\"lazy\" decoding=\"async\" class=\" wp-image-8831 alignright\" src=\"https:\/\/mileon.files.wordpress.com\/2015\/10\/sin-tc3adtulo.jpg?w=300\" alt=\"Sin t\u00edtulo\" width=\"244\" height=\"147\" \/><\/a>Los d\u00edas 28, 29 y 30 del pasado mes de Septiembre de 2015 se presentaron las ponencias del IV Curso de Enferemdades Infecciosas y Microbiolog\u00eda Cl\u00ednica que se realiza en el CAULE. Acreditado por Formaci\u00f3n Continuada y con 62 participantes inscritos, volvi\u00f3 a revisar temas de actualidad que nos parecen del inter\u00e9s general para todos los profesionales que atienden pacientes.<\/p>\n<p style=\"text-align:justify;\">Las tres ponencias del primer d\u00eda fueron:<\/p>\n<p style=\"text-align:justify;\">Actualidad en el problema de las bacterias multirresistentes, Dr. Rafael Gonz\u00e1le, del S\u00ba de Anestesia (<strong><em><a href=\"https:\/\/drive.google.com\/file\/d\/0BxXYCqMXR4Zad3V4T0hKQzlpeFU\/view?usp=sharing\">AQU\u00cd<\/a><\/em><\/strong>), Infecciones del SNC, por la Dra. Rosario P\u00e9rez Sim\u00f3n, del S\u00ba de M. Interna (<em><strong><a href=\"https:\/\/drive.google.com\/file\/d\/0BxXYCqMXR4ZaSXljc010UDRpY0k\/view?usp=sharing\">AQU\u00cd<\/a><\/strong><\/em>) e Infecciones asociadas a implantes de dispositivos m\u00e9dicos , Dr. Jose Luis Mostaza, de M. Interna (<strong><em><a href=\"https:\/\/drive.google.com\/file\/d\/0BxXYCqMXR4ZaeEtveGFJUFBucmM\/view?usp=sharing\">AQU\u00cd<\/a><\/em><\/strong>).<\/p>\n<p style=\"text-align:justify;\">En el segundo d\u00eda, con una orientaci\u00f3n m\u00e1s microbiol\u00f3gica, las tres Sesiones fueron:<\/p>\n<p style=\"text-align:justify;\">Utilidad del diagn\u00f3stico serol\u00f3gico en las enfermedades infecciosas, Dr. Emilio Valverde (<em><strong><a href=\"https:\/\/drive.google.com\/file\/d\/0BxXYCqMXR4ZaWWFZWUswXzRRazQ\/view?usp=sharing\">AQU\u00cd<\/a><\/strong><\/em>), Lectura interpretada del antibiograma , Dra. Marta Fern\u00e1ndez (<em><strong><a href=\"https:\/\/drive.google.com\/file\/d\/0BxXYCqMXR4ZaUWRuT0lQeWU5bk0\/view?usp=sharing\">AQU\u00cd<\/a><\/strong><\/em>) y Par\u00e1metros Pk\/Pd en el uso pr\u00e1ctico de los antimicrobianos, Dra. M\u00f3nica S\u00e1ez del S\u00ba de Farmacia (<em><strong><a href=\"https:\/\/drive.google.com\/file\/d\/0BxXYCqMXR4ZaNXpvY3NKTzFfbGc\/view?usp=sharing\">AQU\u00cd<\/a><\/strong><\/em>).<\/p>\n<p style=\"text-align:justify;\">La \u00faltima jornada, tambi\u00e9n con tres Sesiones, que fueron:<\/p>\n<p style=\"text-align:justify;\">Virus energentes por la Dra. Teresa Nebreda del S\u00ba de Microbiolog\u00eda (<em><strong><a href=\"https:\/\/drive.google.com\/file\/d\/0BxXYCqMXR4ZaREdSZ3ZodUExY0k\/view?usp=sharing\">AQU\u00cd<\/a><\/strong><\/em>), Revisi\u00f3n actualizada del manejo de la Sepsis, Dr. Javier D\u00edaz del S\u00ba de UCI (<em><strong><a href=\"https:\/\/drive.google.com\/file\/d\/0BxXYCqMXR4ZaRlNCV1ZBTUltUzA\/view?usp=sharing\">AQU\u00cd<\/a><\/strong><\/em>) y Programas de optimizaci\u00f3n en el uso de antibi\u00f3ticos, presentaci\u00f3n, Dr. Jose Guerra de M. Interna (<em><strong><a href=\"https:\/\/drive.google.com\/file\/d\/0BxXYCqMXR4ZadUEtRnB1eTRYaFE\/view?usp=sharing\">AQU\u00cd<\/a><\/strong><\/em>).<\/p>\n","protected":false},"excerpt":{"rendered":"<p>Los d\u00edas 28, 29 y 30 del pasado mes de Septiembre de 2015 se presentaron las ponencias del IV Curso de Enferemdades Infecciosas y Microbiolog\u00eda Cl\u00ednica que se realiza en el CAULE. Acreditado por Formaci\u00f3n Continuada y con 62 participantes inscritos, volvi\u00f3 a revisar temas de actualidad que nos parecen del inter\u00e9s general para todos [&hellip;]<\/p>\n","protected":false},"author":5,"featured_media":0,"comment_status":"open","ping_status":"open","sticky":false,"template":"","format":"standard","meta":{"jetpack_post_was_ever_published":false,"_jetpack_newsletter_access":"","_jetpack_dont_email_post_to_subs":false,"_jetpack_newsletter_tier_id":0,"_jetpack_memberships_contains_paywalled_content":false,"_jetpack_memberships_contains_paid_content":false,"footnotes":"","jetpack_publicize_message":"","jetpack_publicize_feature_enabled":true,"jetpack_social_post_already_shared":false,"jetpack_social_options":{"image_generator_settings":{"template":"highway","default_image_id":0,"font":"","enabled":false},"version":2}},"categories":[712],"tags":[861,883,919,927,952,975,984,1048],"class_list":["post-8829","post","type-post","status-publish","format-standard","hentry","category-cursos-y-congresos","tag-guerra","tag-javier-diaz","tag-marta-fernandez","tag-monica-saez","tag-nebreda","tag-perez-simon","tag-rafael-gonzalez","tag-valverde"],"jetpack_publicize_connections":[],"jetpack_featured_media_url":"","jetpack_sharing_enabled":true,"post_mailing_queue_ids":[],"_links":{"self":[{"href":"https:\/\/www.icscyl.com\/mileon\/wp-json\/wp\/v2\/posts\/8829","targetHints":{"allow":["GET"]}}],"collection":[{"href":"https:\/\/www.icscyl.com\/mileon\/wp-json\/wp\/v2\/posts"}],"about":[{"href":"https:\/\/www.icscyl.com\/mileon\/wp-json\/wp\/v2\/types\/post"}],"author":[{"embeddable":true,"href":"https:\/\/www.icscyl.com\/mileon\/wp-json\/wp\/v2\/users\/5"}],"replies":[{"embeddable":true,"href":"https:\/\/www.icscyl.com\/mileon\/wp-json\/wp\/v2\/comments?post=8829"}],"version-history":[{"count":0,"href":"https:\/\/www.icscyl.com\/mileon\/wp-json\/wp\/v2\/posts\/8829\/revisions"}],"wp:attachment":[{"href":"https:\/\/www.icscyl.com\/mileon\/wp-json\/wp\/v2\/media?parent=8829"}],"wp:term":[{"taxonomy":"category","embeddable":true,"href":"https:\/\/www.icscyl.com\/mileon\/wp-json\/wp\/v2\/categories?post=8829"},{"taxonomy":"post_tag","embeddable":true,"href":"https:\/\/www.icscyl.com\/mileon\/wp-json\/wp\/v2\/tags?post=8829"}],"curies":[{"name":"wp","href":"https:\/\/api.w.org\/{rel}","templated":true}]}}