{"id":8773,"date":"2015-10-01T15:31:17","date_gmt":"2015-10-01T14:31:17","guid":{"rendered":"https:\/\/mileon.wordpress.com\/?p=8773"},"modified":"2015-10-01T15:31:17","modified_gmt":"2015-10-01T14:31:17","slug":"sesion-clinica-312015-tuberculosis-diseminada","status":"publish","type":"post","link":"https:\/\/www.icscyl.com\/mileon\/sesiones-clinicas\/2015-10-01\/sesion-clinica-312015-tuberculosis-diseminada\/","title":{"rendered":"Sesi\u00f3n cl\u00ednica 31\/2015: tuberculosis diseminada."},"content":{"rendered":"<p style=\"text-align:justify;\"><img loading=\"lazy\" decoding=\"async\" class=\"alignright  wp-image-8774\" src=\"https:\/\/mileon.files.wordpress.com\/2015\/10\/imagen.jpg?w=300\" alt=\"imagen\" width=\"171\" height=\"150\" \/>Mujer de 40 a\u00f1os, que presenta fiebre desde hace 10 d\u00edas, con embarazo\u00a0gemelar por fecundaci\u00f3n in vitro y previa salpinguectom\u00eda bilateral.<br \/>\nEl Dr. Francisco Estrada \u00c1lvarez (R5 MI) hizo el diagnostico diferencial del caso en base a la afectaci\u00f3n hep\u00e1tica. Su presentaci\u00f3n se puede ver en el siguiente\u00a0<strong><a href=\"https:\/\/drive.google.com\/file\/d\/0BxXYCqMXR4ZablgwUEhzQkZzaEU\/view?usp=sharing\">enlace.<\/a><\/strong><br \/>\nLa soluci\u00f3n la dio la Dra. Isabel Muinelo Voces (adjunta MI). Los resultados de las pruebas realizadas y algunos aspectos relevantes se pueden descargar\u00a0<strong><a href=\"https:\/\/drive.google.com\/file\/d\/0BxXYCqMXR4ZaUkJ1NzM2NUhtbkU\/view?usp=sharing\">aqu\u00ed.<\/a><\/strong><\/p>\n","protected":false},"excerpt":{"rendered":"<p>Mujer de 40 a\u00f1os, que presenta fiebre desde hace 10 d\u00edas, con embarazo\u00a0gemelar por fecundaci\u00f3n in vitro y previa salpinguectom\u00eda bilateral. El Dr. Francisco Estrada \u00c1lvarez (R5 MI) hizo el diagnostico diferencial del caso en base a la afectaci\u00f3n hep\u00e1tica. Su presentaci\u00f3n se puede ver en el siguiente\u00a0enlace. La soluci\u00f3n la dio la Dra. Isabel [&hellip;]<\/p>\n","protected":false},"author":6,"featured_media":0,"comment_status":"open","ping_status":"open","sticky":false,"template":"","format":"standard","meta":{"jetpack_post_was_ever_published":false,"_jetpack_newsletter_access":"","_jetpack_dont_email_post_to_subs":false,"_jetpack_newsletter_tier_id":0,"_jetpack_memberships_contains_paywalled_content":false,"_jetpack_memberships_contains_paid_content":false,"footnotes":"","jetpack_publicize_message":"","jetpack_publicize_feature_enabled":true,"jetpack_social_post_already_shared":false,"jetpack_social_options":{"image_generator_settings":{"template":"highway","default_image_id":0,"font":"","enabled":false},"version":2}},"categories":[723],"tags":[947],"class_list":["post-8773","post","type-post","status-publish","format-standard","hentry","category-sesiones-clinicas","tag-muinelo"],"jetpack_publicize_connections":[],"jetpack_featured_media_url":"","jetpack_sharing_enabled":true,"post_mailing_queue_ids":[],"_links":{"self":[{"href":"https:\/\/www.icscyl.com\/mileon\/wp-json\/wp\/v2\/posts\/8773","targetHints":{"allow":["GET"]}}],"collection":[{"href":"https:\/\/www.icscyl.com\/mileon\/wp-json\/wp\/v2\/posts"}],"about":[{"href":"https:\/\/www.icscyl.com\/mileon\/wp-json\/wp\/v2\/types\/post"}],"author":[{"embeddable":true,"href":"https:\/\/www.icscyl.com\/mileon\/wp-json\/wp\/v2\/users\/6"}],"replies":[{"embeddable":true,"href":"https:\/\/www.icscyl.com\/mileon\/wp-json\/wp\/v2\/comments?post=8773"}],"version-history":[{"count":0,"href":"https:\/\/www.icscyl.com\/mileon\/wp-json\/wp\/v2\/posts\/8773\/revisions"}],"wp:attachment":[{"href":"https:\/\/www.icscyl.com\/mileon\/wp-json\/wp\/v2\/media?parent=8773"}],"wp:term":[{"taxonomy":"category","embeddable":true,"href":"https:\/\/www.icscyl.com\/mileon\/wp-json\/wp\/v2\/categories?post=8773"},{"taxonomy":"post_tag","embeddable":true,"href":"https:\/\/www.icscyl.com\/mileon\/wp-json\/wp\/v2\/tags?post=8773"}],"curies":[{"name":"wp","href":"https:\/\/api.w.org\/{rel}","templated":true}]}}