{"id":8576,"date":"2015-07-26T20:14:41","date_gmt":"2015-07-26T19:14:41","guid":{"rendered":"https:\/\/mileon.wordpress.com\/?p=8576"},"modified":"2015-07-26T20:14:41","modified_gmt":"2015-07-26T19:14:41","slug":"solucion-al-caso-clinico-del-miercoles-22-de-julio-de-2015","status":"publish","type":"post","link":"https:\/\/www.icscyl.com\/mileon\/sesiones-clinicas\/2015-07-26\/solucion-al-caso-clinico-del-miercoles-22-de-julio-de-2015\/","title":{"rendered":"Sesi\u00f3n cl\u00ednica 21\/2015: Leucemia mieloide aguda sin maduraci\u00f3n"},"content":{"rendered":"<p style=\"text-align:justify;\"><a href=\"https:\/\/mileon.files.wordpress.com\/2015\/07\/cdr553603.jpg\"><img loading=\"lazy\" decoding=\"async\" class=\"  wp-image-8577 alignright\" src=\"https:\/\/mileon.files.wordpress.com\/2015\/07\/cdr553603.jpg?w=300\" alt=\"CDR553603\" width=\"204\" height=\"154\" \/><\/a>Recordamos que se trataba de una paciente de 69 a\u00f1os que consulta por astenia de nueva aparici\u00f3n y en la que se objetivaba una bicitopenia leve.<\/p>\n<p style=\"text-align:justify;\">La discusi\u00f3n del caso la hizo el Dr. Gerard Sancho, que se centra en las alteraciones hematol\u00f3gicas y plantea como diagn\u00f3stico m\u00e1s probable leucemia aguda\/sdre. mielodispl\u00e1sico. La Dra. Esther Fern\u00e1ndez aporta la soluci\u00f3n al caso. En el frotis en sangrte perif\u00e9rica se encuentra un 5% de blastos y en la biopsia de m\u00e9dula \u00f3sea un 50%. El diagn\u00f3stico final es una Leucemia Mieloide Aguda sin maduraci\u00f3n (NOS). Se resume tambi\u00e9n la evoluci\u00f3n de la paciente y para finalizar la Dra. Fern\u00e1ndez hace una actualizaci\u00f3n en el diagn\u00f3stico de esta entidad.<\/p>\n<p style=\"text-align:justify;\">Para descargar la presentaci\u00f3n completa del Caso pinchar <em><strong><a href=\"https:\/\/drive.google.com\/file\/d\/0BxXYCqMXR4ZaWUlQaHl4TmZlRmM\/view?usp=sharing\">AQU\u00cd<\/a><\/strong><\/em><\/p>\n","protected":false},"excerpt":{"rendered":"<p>Recordamos que se trataba de una paciente de 69 a\u00f1os que consulta por astenia de nueva aparici\u00f3n y en la que se objetivaba una bicitopenia leve. La discusi\u00f3n del caso la hizo el Dr. Gerard Sancho, que se centra en las alteraciones hematol\u00f3gicas y plantea como diagn\u00f3stico m\u00e1s probable leucemia aguda\/sdre. mielodispl\u00e1sico. La Dra. Esther [&hellip;]<\/p>\n","protected":false},"author":5,"featured_media":0,"comment_status":"open","ping_status":"open","sticky":false,"template":"","format":"standard","meta":{"jetpack_post_was_ever_published":false,"_jetpack_newsletter_access":"","_jetpack_dont_email_post_to_subs":false,"_jetpack_newsletter_tier_id":0,"_jetpack_memberships_contains_paywalled_content":false,"_jetpack_memberships_contains_paid_content":false,"footnotes":"","jetpack_publicize_message":"","jetpack_publicize_feature_enabled":true,"jetpack_social_post_already_shared":false,"jetpack_social_options":{"image_generator_settings":{"template":"highway","default_image_id":0,"font":"","enabled":false},"version":2}},"categories":[723],"tags":[840],"class_list":["post-8576","post","type-post","status-publish","format-standard","hentry","category-sesiones-clinicas","tag-esther-fernandez"],"jetpack_publicize_connections":[],"jetpack_featured_media_url":"","jetpack_sharing_enabled":true,"post_mailing_queue_ids":[],"_links":{"self":[{"href":"https:\/\/www.icscyl.com\/mileon\/wp-json\/wp\/v2\/posts\/8576","targetHints":{"allow":["GET"]}}],"collection":[{"href":"https:\/\/www.icscyl.com\/mileon\/wp-json\/wp\/v2\/posts"}],"about":[{"href":"https:\/\/www.icscyl.com\/mileon\/wp-json\/wp\/v2\/types\/post"}],"author":[{"embeddable":true,"href":"https:\/\/www.icscyl.com\/mileon\/wp-json\/wp\/v2\/users\/5"}],"replies":[{"embeddable":true,"href":"https:\/\/www.icscyl.com\/mileon\/wp-json\/wp\/v2\/comments?post=8576"}],"version-history":[{"count":0,"href":"https:\/\/www.icscyl.com\/mileon\/wp-json\/wp\/v2\/posts\/8576\/revisions"}],"wp:attachment":[{"href":"https:\/\/www.icscyl.com\/mileon\/wp-json\/wp\/v2\/media?parent=8576"}],"wp:term":[{"taxonomy":"category","embeddable":true,"href":"https:\/\/www.icscyl.com\/mileon\/wp-json\/wp\/v2\/categories?post=8576"},{"taxonomy":"post_tag","embeddable":true,"href":"https:\/\/www.icscyl.com\/mileon\/wp-json\/wp\/v2\/tags?post=8576"}],"curies":[{"name":"wp","href":"https:\/\/api.w.org\/{rel}","templated":true}]}}