{"id":8390,"date":"2015-05-10T17:43:18","date_gmt":"2015-05-10T16:43:18","guid":{"rendered":"https:\/\/mileon.wordpress.com\/?p=8390"},"modified":"2015-05-10T17:43:18","modified_gmt":"2015-05-10T16:43:18","slug":"metformina-y-acidosis-lactica","status":"publish","type":"post","link":"https:\/\/www.icscyl.com\/mileon\/maitines\/2015-05-10\/metformina-y-acidosis-lactica\/","title":{"rendered":"Metformina y acidosis l\u00e1ctica."},"content":{"rendered":"<p style=\"text-align:justify;\"><a href=\"https:\/\/mileon.files.wordpress.com\/2015\/05\/c3adndice1.jpg\"><img loading=\"lazy\" decoding=\"async\" class=\"  wp-image-8391 alignright\" src=\"https:\/\/mileon.files.wordpress.com\/2015\/05\/c3adndice1.jpg\" alt=\"\u00edndice\" width=\"197\" height=\"178\" \/><\/a>La Dra. Silvia Garc\u00eda, R5 y ya casi adjunta del S\u00ba de M. Interna, presenta un caso de acidosis l\u00e1ctica y aprovecha para una revisi\u00f3n de tallada de esta entidad. Se hace una presentaci\u00f3n completa de la cl\u00ednica y factores de riesgo de esta patolog\u00eda y de la casu\u00edstica publicada (muy escasa). En el turno de opiniones se plantea lo infrecuente de esta enfermedad pese al amplio uso de la metformina y la repercusi\u00f3n real de estos pocos casos de acidosis l\u00e1ctica en su uso en la pr\u00e1ctica diaria.<\/p>\n<p style=\"text-align:justify;\">Para descargar la presentaci\u00f3n completa pinchar <em><strong><a href=\"https:\/\/drive.google.com\/file\/d\/0BxXYCqMXR4ZadGJtTU5ZdWZWblU\/view?usp=sharing\">AQU\u00cd<\/a><\/strong><\/em><\/p>\n","protected":false},"excerpt":{"rendered":"<p>La Dra. Silvia Garc\u00eda, R5 y ya casi adjunta del S\u00ba de M. Interna, presenta un caso de acidosis l\u00e1ctica y aprovecha para una revisi\u00f3n de tallada de esta entidad. Se hace una presentaci\u00f3n completa de la cl\u00ednica y factores de riesgo de esta patolog\u00eda y de la casu\u00edstica publicada (muy escasa). En el turno [&hellip;]<\/p>\n","protected":false},"author":5,"featured_media":0,"comment_status":"open","ping_status":"open","sticky":false,"template":"","format":"standard","meta":{"jetpack_post_was_ever_published":false,"_jetpack_newsletter_access":"","_jetpack_dont_email_post_to_subs":false,"_jetpack_newsletter_tier_id":0,"_jetpack_memberships_contains_paywalled_content":false,"_jetpack_memberships_contains_paid_content":false,"footnotes":"","jetpack_publicize_message":"","jetpack_publicize_feature_enabled":true,"jetpack_social_post_already_shared":false,"jetpack_social_options":{"image_generator_settings":{"template":"highway","default_image_id":0,"font":"","enabled":false},"version":2}},"categories":[715],"tags":[1031],"class_list":["post-8390","post","type-post","status-publish","format-standard","hentry","category-maitines","tag-silvia-garcia"],"jetpack_publicize_connections":[],"jetpack_featured_media_url":"","jetpack_sharing_enabled":true,"post_mailing_queue_ids":[],"_links":{"self":[{"href":"https:\/\/www.icscyl.com\/mileon\/wp-json\/wp\/v2\/posts\/8390","targetHints":{"allow":["GET"]}}],"collection":[{"href":"https:\/\/www.icscyl.com\/mileon\/wp-json\/wp\/v2\/posts"}],"about":[{"href":"https:\/\/www.icscyl.com\/mileon\/wp-json\/wp\/v2\/types\/post"}],"author":[{"embeddable":true,"href":"https:\/\/www.icscyl.com\/mileon\/wp-json\/wp\/v2\/users\/5"}],"replies":[{"embeddable":true,"href":"https:\/\/www.icscyl.com\/mileon\/wp-json\/wp\/v2\/comments?post=8390"}],"version-history":[{"count":0,"href":"https:\/\/www.icscyl.com\/mileon\/wp-json\/wp\/v2\/posts\/8390\/revisions"}],"wp:attachment":[{"href":"https:\/\/www.icscyl.com\/mileon\/wp-json\/wp\/v2\/media?parent=8390"}],"wp:term":[{"taxonomy":"category","embeddable":true,"href":"https:\/\/www.icscyl.com\/mileon\/wp-json\/wp\/v2\/categories?post=8390"},{"taxonomy":"post_tag","embeddable":true,"href":"https:\/\/www.icscyl.com\/mileon\/wp-json\/wp\/v2\/tags?post=8390"}],"curies":[{"name":"wp","href":"https:\/\/api.w.org\/{rel}","templated":true}]}}