{"id":8267,"date":"2015-03-24T19:21:39","date_gmt":"2015-03-24T18:21:39","guid":{"rendered":"https:\/\/mileon.wordpress.com\/?p=8267"},"modified":"2015-03-24T19:21:39","modified_gmt":"2015-03-24T18:21:39","slug":"sesion-residentes-derrame-pleural-manejo-practico","status":"publish","type":"post","link":"https:\/\/www.icscyl.com\/mileon\/residentes\/2015-03-24\/sesion-residentes-derrame-pleural-manejo-practico\/","title":{"rendered":"Sesi\u00f3n residentes: Derrame pleural, manejo pr\u00e1ctico."},"content":{"rendered":"<p style=\"text-align:justify;\"><img loading=\"lazy\" decoding=\"async\" class=\"alignright  wp-image-8268\" src=\"https:\/\/mileon.files.wordpress.com\/2015\/03\/imagen.jpeg\" alt=\"imagen\" width=\"146\" height=\"129\" \/>El 23 de marzo de 2015 el Dr. Gerard Sancho Pascual (R1 MI) revis\u00f3\u00a0el manejo pr\u00e1ctico del derrame pleural.<\/p>\n<p style=\"text-align:justify;\">Comienza con\u00a0sus causas, diagn\u00f3stico, e interpretaci\u00f3n de los caracter\u00edsticas del l\u00edquido pleural hasta llegar al tratamiento.<br \/>\nSu presentaci\u00f3n se puede ver\u00a0<a href=\"https:\/\/drive.google.com\/file\/d\/0BxXYCqMXR4ZaTHY1cE5fMFJTelE\/view?usp=sharing\">aqu\u00ed.<\/a><\/p>\n","protected":false},"excerpt":{"rendered":"<p>El 23 de marzo de 2015 el Dr. Gerard Sancho Pascual (R1 MI) revis\u00f3\u00a0el manejo pr\u00e1ctico del derrame pleural. Comienza con\u00a0sus causas, diagn\u00f3stico, e interpretaci\u00f3n de los caracter\u00edsticas del l\u00edquido pleural hasta llegar al tratamiento. Su presentaci\u00f3n se puede ver\u00a0aqu\u00ed.<\/p>\n","protected":false},"author":6,"featured_media":0,"comment_status":"open","ping_status":"open","sticky":false,"template":"","format":"standard","meta":{"jetpack_post_was_ever_published":false,"_jetpack_newsletter_access":"","_jetpack_dont_email_post_to_subs":false,"_jetpack_newsletter_tier_id":0,"_jetpack_memberships_contains_paywalled_content":false,"_jetpack_memberships_contains_paid_content":false,"footnotes":"","jetpack_publicize_message":"","jetpack_publicize_feature_enabled":true,"jetpack_social_post_already_shared":false,"jetpack_social_options":{"image_generator_settings":{"template":"highway","default_image_id":0,"font":"","enabled":false},"version":2}},"categories":[721],"tags":[],"class_list":["post-8267","post","type-post","status-publish","format-standard","hentry","category-residentes"],"jetpack_publicize_connections":[],"jetpack_featured_media_url":"","jetpack_sharing_enabled":true,"post_mailing_queue_ids":[],"_links":{"self":[{"href":"https:\/\/www.icscyl.com\/mileon\/wp-json\/wp\/v2\/posts\/8267","targetHints":{"allow":["GET"]}}],"collection":[{"href":"https:\/\/www.icscyl.com\/mileon\/wp-json\/wp\/v2\/posts"}],"about":[{"href":"https:\/\/www.icscyl.com\/mileon\/wp-json\/wp\/v2\/types\/post"}],"author":[{"embeddable":true,"href":"https:\/\/www.icscyl.com\/mileon\/wp-json\/wp\/v2\/users\/6"}],"replies":[{"embeddable":true,"href":"https:\/\/www.icscyl.com\/mileon\/wp-json\/wp\/v2\/comments?post=8267"}],"version-history":[{"count":0,"href":"https:\/\/www.icscyl.com\/mileon\/wp-json\/wp\/v2\/posts\/8267\/revisions"}],"wp:attachment":[{"href":"https:\/\/www.icscyl.com\/mileon\/wp-json\/wp\/v2\/media?parent=8267"}],"wp:term":[{"taxonomy":"category","embeddable":true,"href":"https:\/\/www.icscyl.com\/mileon\/wp-json\/wp\/v2\/categories?post=8267"},{"taxonomy":"post_tag","embeddable":true,"href":"https:\/\/www.icscyl.com\/mileon\/wp-json\/wp\/v2\/tags?post=8267"}],"curies":[{"name":"wp","href":"https:\/\/api.w.org\/{rel}","templated":true}]}}