{"id":8062,"date":"2015-01-23T18:39:31","date_gmt":"2015-01-23T17:39:31","guid":{"rendered":"https:\/\/mileon.wordpress.com\/?p=8062"},"modified":"2015-01-23T18:39:31","modified_gmt":"2015-01-23T17:39:31","slug":"sesion-clinica-22015-gn-membranosa-idiopatica","status":"publish","type":"post","link":"https:\/\/www.icscyl.com\/mileon\/sesiones-clinicas\/2015-01-23\/sesion-clinica-22015-gn-membranosa-idiopatica\/","title":{"rendered":"Sesi\u00f3n cl\u00ednica 2\/2015: GN membranosa idiop\u00e1tica."},"content":{"rendered":"<p class=\"p1\" style=\"text-align:justify;\"><img loading=\"lazy\" decoding=\"async\" class=\"alignright  wp-image-8063\" src=\"https:\/\/mileon.files.wordpress.com\/2015\/01\/imagen.jpeg\" alt=\"imagen\" width=\"124\" height=\"155\" \/>Var\u00f3n de 65 a\u00f1os con antecedentes de artrodesis lumbar e infecci\u00f3n posterior\u00a0por SAMR que presenta edemas generalizados de unos\u00a07 meses de evoluci\u00f3n en relaci\u00f3n con s\u00edndrome nefr\u00f3tico.<\/p>\n<p class=\"p1\" style=\"text-align:justify;\">El 21 de enero de 1015, la Dra. Cristina Ferrero Sanz (R3 MI) hizo el diagnostico diferencial partiendo del s\u00edndrome nefr\u00f3tico y que se puede ver en el siguiente\u00a0<a href=\"https:\/\/drive.google.com\/file\/d\/0BxXYCqMXR4ZackdHRm05Qm9mOUE\/view?usp=sharing\">enlace.<\/a><\/p>\n<p class=\"p1\" style=\"text-align:justify;\">La Dra. Rosario Garc\u00eda D\u00edez (adjunta MI) resolvi\u00f3 el caso. Los resultados de las pruebas realizadas y algunos comentarios sobre el diagnostico se pueden ver\u00a0<a href=\"https:\/\/drive.google.com\/file\/d\/0BxXYCqMXR4ZaVVFjVWp1WkljNm8\/view?usp=sharing\">aqu\u00ed.<\/a><\/p>\n","protected":false},"excerpt":{"rendered":"<p>Var\u00f3n de 65 a\u00f1os con antecedentes de artrodesis lumbar e infecci\u00f3n posterior\u00a0por SAMR que presenta edemas generalizados de unos\u00a07 meses de evoluci\u00f3n en relaci\u00f3n con s\u00edndrome nefr\u00f3tico. El 21 de enero de 1015, la Dra. Cristina Ferrero Sanz (R3 MI) hizo el diagnostico diferencial partiendo del s\u00edndrome nefr\u00f3tico y que se puede ver en el [&hellip;]<\/p>\n","protected":false},"author":6,"featured_media":0,"comment_status":"open","ping_status":"open","sticky":false,"template":"","format":"standard","meta":{"jetpack_post_was_ever_published":false,"_jetpack_newsletter_access":"","_jetpack_dont_email_post_to_subs":false,"_jetpack_newsletter_tier_id":0,"_jetpack_memberships_contains_paywalled_content":false,"_jetpack_memberships_contains_paid_content":false,"footnotes":"","jetpack_publicize_message":"","jetpack_publicize_feature_enabled":true,"jetpack_social_post_already_shared":false,"jetpack_social_options":{"image_generator_settings":{"template":"highway","default_image_id":0,"font":"","enabled":false},"version":2}},"categories":[723],"tags":[1009,847],"class_list":["post-8062","post","type-post","status-publish","format-standard","hentry","category-sesiones-clinicas","tag-rosario-garcia","tag-ferrero"],"jetpack_publicize_connections":[],"jetpack_featured_media_url":"","jetpack_sharing_enabled":true,"post_mailing_queue_ids":[],"_links":{"self":[{"href":"https:\/\/www.icscyl.com\/mileon\/wp-json\/wp\/v2\/posts\/8062","targetHints":{"allow":["GET"]}}],"collection":[{"href":"https:\/\/www.icscyl.com\/mileon\/wp-json\/wp\/v2\/posts"}],"about":[{"href":"https:\/\/www.icscyl.com\/mileon\/wp-json\/wp\/v2\/types\/post"}],"author":[{"embeddable":true,"href":"https:\/\/www.icscyl.com\/mileon\/wp-json\/wp\/v2\/users\/6"}],"replies":[{"embeddable":true,"href":"https:\/\/www.icscyl.com\/mileon\/wp-json\/wp\/v2\/comments?post=8062"}],"version-history":[{"count":0,"href":"https:\/\/www.icscyl.com\/mileon\/wp-json\/wp\/v2\/posts\/8062\/revisions"}],"wp:attachment":[{"href":"https:\/\/www.icscyl.com\/mileon\/wp-json\/wp\/v2\/media?parent=8062"}],"wp:term":[{"taxonomy":"category","embeddable":true,"href":"https:\/\/www.icscyl.com\/mileon\/wp-json\/wp\/v2\/categories?post=8062"},{"taxonomy":"post_tag","embeddable":true,"href":"https:\/\/www.icscyl.com\/mileon\/wp-json\/wp\/v2\/tags?post=8062"}],"curies":[{"name":"wp","href":"https:\/\/api.w.org\/{rel}","templated":true}]}}