{"id":7856,"date":"2014-11-11T20:33:16","date_gmt":"2014-11-11T19:33:16","guid":{"rendered":"http:\/\/mileon.wordpress.com\/?p=7856"},"modified":"2014-11-11T20:33:16","modified_gmt":"2014-11-11T19:33:16","slug":"tratamiento-del-coma-hiperosmolar","status":"publish","type":"post","link":"https:\/\/www.icscyl.com\/mileon\/sesiones-bibliograficas\/2014-11-11\/tratamiento-del-coma-hiperosmolar\/","title":{"rendered":"Tratamiento del coma hiperosmolar."},"content":{"rendered":"<p class=\"p1\" style=\"text-align:justify;\"><a href=\"https:\/\/mileon.files.wordpress.com\/2014\/11\/image.jpeg\"><img loading=\"lazy\" decoding=\"async\" class=\"alignright  wp-image-7857\" src=\"https:\/\/mileon.files.wordpress.com\/2014\/11\/image.jpeg\" alt=\"image\" width=\"229\" height=\"175\" \/><\/a>El 10 de noviembre de 2014 el Dr. Gerard Sancho Pascual\u00a0(R1\u00a0MI) debut\u00f3 en las\u00a0sesiones bibliogr\u00e1ficas de residentes de los lunes con el tratamiento del coma hiperosmolar. Repas\u00f3 los aspectos m\u00e1s relevantes. Recordar que el coma hiperosmolar es una de las formas de debut de la diabetes en el paciente anciano y que siempre hay que buscar la causa de la descompensaci\u00f3n.<\/p>\n<p class=\"p1\" style=\"text-align:justify;\">Su presentaci\u00f3n se puede ver en el siguiente\u00a0<a href=\"https:\/\/drive.google.com\/file\/d\/0BxXYCqMXR4ZaRE5iRVpxSWVDTzg\/view?usp=sharing\">enlace.<\/a><\/p>\n","protected":false},"excerpt":{"rendered":"<p>El 10 de noviembre de 2014 el Dr. Gerard Sancho Pascual\u00a0(R1\u00a0MI) debut\u00f3 en las\u00a0sesiones bibliogr\u00e1ficas de residentes de los lunes con el tratamiento del coma hiperosmolar. Repas\u00f3 los aspectos m\u00e1s relevantes. Recordar que el coma hiperosmolar es una de las formas de debut de la diabetes en el paciente anciano y que siempre hay que [&hellip;]<\/p>\n","protected":false},"author":6,"featured_media":0,"comment_status":"open","ping_status":"open","sticky":false,"template":"","format":"standard","meta":{"jetpack_post_was_ever_published":false,"_jetpack_newsletter_access":"","_jetpack_dont_email_post_to_subs":false,"_jetpack_newsletter_tier_id":0,"_jetpack_memberships_contains_paywalled_content":false,"_jetpack_memberships_contains_paid_content":false,"footnotes":"","jetpack_publicize_message":"","jetpack_publicize_feature_enabled":true,"jetpack_social_post_already_shared":false,"jetpack_social_options":{"image_generator_settings":{"template":"highway","default_image_id":0,"font":"","enabled":false},"version":2}},"categories":[722],"tags":[],"class_list":["post-7856","post","type-post","status-publish","format-standard","hentry","category-sesiones-bibliograficas"],"jetpack_publicize_connections":[],"jetpack_featured_media_url":"","jetpack_sharing_enabled":true,"post_mailing_queue_ids":[],"_links":{"self":[{"href":"https:\/\/www.icscyl.com\/mileon\/wp-json\/wp\/v2\/posts\/7856","targetHints":{"allow":["GET"]}}],"collection":[{"href":"https:\/\/www.icscyl.com\/mileon\/wp-json\/wp\/v2\/posts"}],"about":[{"href":"https:\/\/www.icscyl.com\/mileon\/wp-json\/wp\/v2\/types\/post"}],"author":[{"embeddable":true,"href":"https:\/\/www.icscyl.com\/mileon\/wp-json\/wp\/v2\/users\/6"}],"replies":[{"embeddable":true,"href":"https:\/\/www.icscyl.com\/mileon\/wp-json\/wp\/v2\/comments?post=7856"}],"version-history":[{"count":0,"href":"https:\/\/www.icscyl.com\/mileon\/wp-json\/wp\/v2\/posts\/7856\/revisions"}],"wp:attachment":[{"href":"https:\/\/www.icscyl.com\/mileon\/wp-json\/wp\/v2\/media?parent=7856"}],"wp:term":[{"taxonomy":"category","embeddable":true,"href":"https:\/\/www.icscyl.com\/mileon\/wp-json\/wp\/v2\/categories?post=7856"},{"taxonomy":"post_tag","embeddable":true,"href":"https:\/\/www.icscyl.com\/mileon\/wp-json\/wp\/v2\/tags?post=7856"}],"curies":[{"name":"wp","href":"https:\/\/api.w.org\/{rel}","templated":true}]}}