{"id":7798,"date":"2014-10-23T15:29:12","date_gmt":"2014-10-23T14:29:12","guid":{"rendered":"http:\/\/mileon.wordpress.com\/?p=7798"},"modified":"2014-10-23T15:29:12","modified_gmt":"2014-10-23T14:29:12","slug":"hemoptisis-manejo-practico","status":"publish","type":"post","link":"https:\/\/www.icscyl.com\/mileon\/sesiones-bibliograficas\/2014-10-23\/hemoptisis-manejo-practico\/","title":{"rendered":"Hemoptisis: manejo pr\u00e1ctico."},"content":{"rendered":"<p class=\"p1\" style=\"text-align:justify;\">El 20 de octubre de 2014 el Dr. Jes\u00fas Villegas Alc<a href=\"https:\/\/mileon.files.wordpress.com\/2014\/10\/imagen4.jpg\"><img loading=\"lazy\" decoding=\"async\" class=\"alignright  wp-image-7799\" src=\"https:\/\/mileon.files.wordpress.com\/2014\/10\/imagen4.jpg\" alt=\"imagen\" width=\"122\" height=\"101\" \/><\/a>\u00e1zar (residente Neumolog\u00eda)\u00a0coment\u00f3 el manejo de la hemoptisis. Partiendo de la importancia de la historia cl\u00ednica para diferenciar la verdadera hemoptisis de por ejemplo una hematemesis en los casos dudosos y el apoyo posterior en las pruebas complementarias para el diagn\u00f3stico etiol\u00f3gico. Finaliza la exposici\u00f3n con las formas m\u00e1s graves, la hemoptisis masiva.<\/p>\n<p class=\"p1\" style=\"text-align:justify;\">Su presentaci\u00f3n se puede descargar\u00a0<a href=\"https:\/\/drive.google.com\/file\/d\/0BxXYCqMXR4ZaRzNvSy1FdnN2VEk\/view?usp=sharing\">aqu\u00ed.<\/a><\/p>\n","protected":false},"excerpt":{"rendered":"<p>El 20 de octubre de 2014 el Dr. Jes\u00fas Villegas Alc\u00e1zar (residente Neumolog\u00eda)\u00a0coment\u00f3 el manejo de la hemoptisis. Partiendo de la importancia de la historia cl\u00ednica para diferenciar la verdadera hemoptisis de por ejemplo una hematemesis en los casos dudosos y el apoyo posterior en las pruebas complementarias para el diagn\u00f3stico etiol\u00f3gico. Finaliza la exposici\u00f3n [&hellip;]<\/p>\n","protected":false},"author":6,"featured_media":0,"comment_status":"open","ping_status":"open","sticky":false,"template":"","format":"standard","meta":{"jetpack_post_was_ever_published":false,"_jetpack_newsletter_access":"","_jetpack_dont_email_post_to_subs":false,"_jetpack_newsletter_tier_id":0,"_jetpack_memberships_contains_paywalled_content":false,"_jetpack_memberships_contains_paid_content":false,"footnotes":"","jetpack_publicize_message":"","jetpack_publicize_feature_enabled":true,"jetpack_social_post_already_shared":false,"jetpack_social_options":{"image_generator_settings":{"template":"highway","default_image_id":0,"font":"","enabled":false},"version":2}},"categories":[722],"tags":[1057],"class_list":["post-7798","post","type-post","status-publish","format-standard","hentry","category-sesiones-bibliograficas","tag-villegas"],"jetpack_publicize_connections":[],"jetpack_featured_media_url":"","jetpack_sharing_enabled":true,"post_mailing_queue_ids":[],"_links":{"self":[{"href":"https:\/\/www.icscyl.com\/mileon\/wp-json\/wp\/v2\/posts\/7798","targetHints":{"allow":["GET"]}}],"collection":[{"href":"https:\/\/www.icscyl.com\/mileon\/wp-json\/wp\/v2\/posts"}],"about":[{"href":"https:\/\/www.icscyl.com\/mileon\/wp-json\/wp\/v2\/types\/post"}],"author":[{"embeddable":true,"href":"https:\/\/www.icscyl.com\/mileon\/wp-json\/wp\/v2\/users\/6"}],"replies":[{"embeddable":true,"href":"https:\/\/www.icscyl.com\/mileon\/wp-json\/wp\/v2\/comments?post=7798"}],"version-history":[{"count":0,"href":"https:\/\/www.icscyl.com\/mileon\/wp-json\/wp\/v2\/posts\/7798\/revisions"}],"wp:attachment":[{"href":"https:\/\/www.icscyl.com\/mileon\/wp-json\/wp\/v2\/media?parent=7798"}],"wp:term":[{"taxonomy":"category","embeddable":true,"href":"https:\/\/www.icscyl.com\/mileon\/wp-json\/wp\/v2\/categories?post=7798"},{"taxonomy":"post_tag","embeddable":true,"href":"https:\/\/www.icscyl.com\/mileon\/wp-json\/wp\/v2\/tags?post=7798"}],"curies":[{"name":"wp","href":"https:\/\/api.w.org\/{rel}","templated":true}]}}