{"id":7751,"date":"2014-10-01T15:38:03","date_gmt":"2014-10-01T14:38:03","guid":{"rendered":"http:\/\/mileon.wordpress.com\/?p=7751"},"modified":"2014-10-01T15:38:03","modified_gmt":"2014-10-01T14:38:03","slug":"enfermedad-de-paget-osea-2","status":"publish","type":"post","link":"https:\/\/www.icscyl.com\/mileon\/residentes\/2014-10-01\/enfermedad-de-paget-osea-2\/","title":{"rendered":"Enfermedad de Paget \u00f3sea."},"content":{"rendered":"<p style=\"text-align:justify;\"><a href=\"https:\/\/mileon.files.wordpress.com\/2014\/10\/imagen.jpg\"><img loading=\"lazy\" decoding=\"async\" class=\"alignright  wp-image-7752\" src=\"https:\/\/mileon.files.wordpress.com\/2014\/10\/imagen.jpg\" alt=\"imagen\" width=\"160\" height=\"167\" \/><\/a>El d\u00eda 29 de septiembre de 2014 la Dra. Marta Garijo Bufort (R1 Reumatolog\u00eda) repas\u00f3 el Paget \u00f3seo. Afecta hasta el 3% de la poblaci\u00f3n mayor de 50 a\u00f1os y se caracteriza por la formaci\u00f3n hueso desestructuralizado. Comenta los aspectos m\u00e1s importantes y presenta una casu\u00edstica de nuestro medio.<\/p>\n<p style=\"text-align:justify;\">Su presentaci\u00f3n se puede descargar en el siguiente <a href=\"https:\/\/drive.google.com\/file\/d\/0BxXYCqMXR4ZaOVRrQ1o5aUw4TDg\/edit?usp=sharing\">enlace.<\/a><\/p>\n","protected":false},"excerpt":{"rendered":"<p>El d\u00eda 29 de septiembre de 2014 la Dra. Marta Garijo Bufort (R1 Reumatolog\u00eda) repas\u00f3 el Paget \u00f3seo. Afecta hasta el 3% de la poblaci\u00f3n mayor de 50 a\u00f1os y se caracteriza por la formaci\u00f3n hueso desestructuralizado. Comenta los aspectos m\u00e1s importantes y presenta una casu\u00edstica de nuestro medio. Su presentaci\u00f3n se puede descargar en [&hellip;]<\/p>\n","protected":false},"author":6,"featured_media":0,"comment_status":"open","ping_status":"open","sticky":false,"template":"","format":"standard","meta":{"jetpack_post_was_ever_published":false,"_jetpack_newsletter_access":"","_jetpack_dont_email_post_to_subs":false,"_jetpack_newsletter_tier_id":0,"_jetpack_memberships_contains_paywalled_content":false,"_jetpack_memberships_contains_paid_content":false,"footnotes":"","jetpack_publicize_message":"","jetpack_publicize_feature_enabled":true,"jetpack_social_post_already_shared":false,"jetpack_social_options":{"image_generator_settings":{"template":"highway","default_image_id":0,"font":"","enabled":false},"version":2}},"categories":[721],"tags":[856],"class_list":["post-7751","post","type-post","status-publish","format-standard","hentry","category-residentes","tag-garijo"],"jetpack_publicize_connections":[],"jetpack_featured_media_url":"","jetpack_sharing_enabled":true,"post_mailing_queue_ids":[],"_links":{"self":[{"href":"https:\/\/www.icscyl.com\/mileon\/wp-json\/wp\/v2\/posts\/7751","targetHints":{"allow":["GET"]}}],"collection":[{"href":"https:\/\/www.icscyl.com\/mileon\/wp-json\/wp\/v2\/posts"}],"about":[{"href":"https:\/\/www.icscyl.com\/mileon\/wp-json\/wp\/v2\/types\/post"}],"author":[{"embeddable":true,"href":"https:\/\/www.icscyl.com\/mileon\/wp-json\/wp\/v2\/users\/6"}],"replies":[{"embeddable":true,"href":"https:\/\/www.icscyl.com\/mileon\/wp-json\/wp\/v2\/comments?post=7751"}],"version-history":[{"count":0,"href":"https:\/\/www.icscyl.com\/mileon\/wp-json\/wp\/v2\/posts\/7751\/revisions"}],"wp:attachment":[{"href":"https:\/\/www.icscyl.com\/mileon\/wp-json\/wp\/v2\/media?parent=7751"}],"wp:term":[{"taxonomy":"category","embeddable":true,"href":"https:\/\/www.icscyl.com\/mileon\/wp-json\/wp\/v2\/categories?post=7751"},{"taxonomy":"post_tag","embeddable":true,"href":"https:\/\/www.icscyl.com\/mileon\/wp-json\/wp\/v2\/tags?post=7751"}],"curies":[{"name":"wp","href":"https:\/\/api.w.org\/{rel}","templated":true}]}}