{"id":7717,"date":"2014-09-19T20:42:11","date_gmt":"2014-09-19T19:42:11","guid":{"rendered":"http:\/\/mileon.wordpress.com\/?p=7717"},"modified":"2014-09-19T20:42:11","modified_gmt":"2014-09-19T19:42:11","slug":"blogosfera-sanitaria-1a-quincena-de-septiembre-los-blogs-vuelven-a-la-actividad","status":"publish","type":"post","link":"https:\/\/www.icscyl.com\/mileon\/blogosfera-sanitaria\/2014-09-19\/blogosfera-sanitaria-1a-quincena-de-septiembre-los-blogs-vuelven-a-la-actividad\/","title":{"rendered":"Blogosfera sanitaria (1\u00aa quincena de Septiembre): los blogs vuelven a la actividad"},"content":{"rendered":"<p><a href=\"https:\/\/mileon.files.wordpress.com\/2014\/09\/iu.jpeg\"><img loading=\"lazy\" decoding=\"async\" class=\"alignright wp-image-7718\" src=\"https:\/\/mileon.files.wordpress.com\/2014\/09\/iu.jpeg?w=300\" alt=\"iu\" width=\"200\" height=\"138\" \/><\/a>La mayor\u00eda de blogs m\u00e9dicos que se hab\u00edan tomando merecidas vacaciones han vuelto a la actividad. Se\u00f1alamos algunos de los art\u00edculos m\u00e1s interesantes publicados en la blogosfera. En Hemos Le\u00eddo se public\u00f3 hace un par de semanas la entrada\u00a0<a href=\"http:\/\/www.hemosleido.es\/2014\/09\/03\/\u201cyo-no-he-cometido-ningun-delito-no-tengo-por-que-estar-atado\u201d\/\">Yo no he cometido ning\u00fan delito, no tengo por qu\u00e9 estar atado<\/a>, que comenta las sujeciones f\u00edsicas y tambi\u00e9n qu\u00edmicas que afectan a las personas mayores institucionalizadas y principalmente con demencia.<\/p>\n<p><a href=\"http:\/\/vicentebaos.blogspot.com\/2014\/09\/manejo-del-sangrado-en-los-pacientes.html\">Manejo del sangrado en los pacientes tomando nuevos anticoagulantes<\/a>, fue una entrada publicada en El Supositorio, repasa los mejores trabajos al respecto publicados en la red.\u00a0Un tema para la pol\u00e9mica, que se ha publicado en varios blog. Destacamos la entrada\u00a0<a href=\"http:\/\/rafabravo.wordpress.com\/2014\/09\/10\/medicamentos-que-matan\/\">Medicamentos que matan<\/a>\u00a0publicada en el blog Primum non nocere y la noticia publicada en prensa sobre\u00a0<a href=\"http:\/\/www.elconfidencial.com\/alma-corazon-vida\/2014-09-09\/la-industria-farmaceutica-esta-causando-mas-muertes-que-los-carteles-de-la-droga_188426\/\">La industria farmac\u00e9utica est\u00e1 causando m\u00e1s muertes que los c\u00e1rteles de droga<\/a>, que tuvo tambi\u00e9n bastante difusi\u00f3n.<\/p>\n<p>El Paradigm-HF es un trabajo que ha dado mucho que hablar en el \u00faltimo congreso de la SEC. El NEWJ public\u00f3\u00a0<a href=\"http:\/\/feedproxy.google.com\/~r\/Nownejm\/~3\/R6YkQwiaZlI\/\">enlace<\/a>\u00a0al respecto, y desde el blog El Supositorio han publicado una revisi\u00f3n extensa al respecto disponible en el siguiente\u00a0<a href=\"http:\/\/vicentebaos.blogspot.com\/2014\/09\/desmenuzando-el-paradigm-hf-la.html\">link.<\/a>\u00a0Por \u00faltimo en el blog Sala de Lectura se publica una interesante revisi\u00f3n sobre la\u00a0<a href=\"http:\/\/elrincondesisifo.es\/2014\/09\/16\/ann-intern-med-seguridad-y-eficacia-de-los-tratamientos-farmacologicos-para-la-prevencion-de-fracturas\">Seguridad y eficacia de los tratamientos farmacol\u00f3gicos para la prevenci\u00f3n de fracturas<\/a><\/p>\n","protected":false},"excerpt":{"rendered":"<p>La mayor\u00eda de blogs m\u00e9dicos que se hab\u00edan tomando merecidas vacaciones han vuelto a la actividad. Se\u00f1alamos algunos de los art\u00edculos m\u00e1s interesantes publicados en la blogosfera. En Hemos Le\u00eddo se public\u00f3 hace un par de semanas la entrada\u00a0Yo no he cometido ning\u00fan delito, no tengo por qu\u00e9 estar atado, que comenta las sujeciones f\u00edsicas [&hellip;]<\/p>\n","protected":false},"author":4,"featured_media":0,"comment_status":"open","ping_status":"open","sticky":false,"template":"","format":"standard","meta":{"jetpack_post_was_ever_published":false,"_jetpack_newsletter_access":"","_jetpack_dont_email_post_to_subs":false,"_jetpack_newsletter_tier_id":0,"_jetpack_memberships_contains_paywalled_content":false,"_jetpack_memberships_contains_paid_content":false,"footnotes":"","jetpack_publicize_message":"","jetpack_publicize_feature_enabled":true,"jetpack_social_post_already_shared":false,"jetpack_social_options":{"image_generator_settings":{"template":"highway","default_image_id":0,"font":"","enabled":false},"version":2}},"categories":[711],"tags":[946],"class_list":["post-7717","post","type-post","status-publish","format-standard","hentry","category-blogosfera-sanitaria","tag-muela"],"jetpack_publicize_connections":[],"jetpack_featured_media_url":"","jetpack_sharing_enabled":true,"post_mailing_queue_ids":[],"_links":{"self":[{"href":"https:\/\/www.icscyl.com\/mileon\/wp-json\/wp\/v2\/posts\/7717","targetHints":{"allow":["GET"]}}],"collection":[{"href":"https:\/\/www.icscyl.com\/mileon\/wp-json\/wp\/v2\/posts"}],"about":[{"href":"https:\/\/www.icscyl.com\/mileon\/wp-json\/wp\/v2\/types\/post"}],"author":[{"embeddable":true,"href":"https:\/\/www.icscyl.com\/mileon\/wp-json\/wp\/v2\/users\/4"}],"replies":[{"embeddable":true,"href":"https:\/\/www.icscyl.com\/mileon\/wp-json\/wp\/v2\/comments?post=7717"}],"version-history":[{"count":0,"href":"https:\/\/www.icscyl.com\/mileon\/wp-json\/wp\/v2\/posts\/7717\/revisions"}],"wp:attachment":[{"href":"https:\/\/www.icscyl.com\/mileon\/wp-json\/wp\/v2\/media?parent=7717"}],"wp:term":[{"taxonomy":"category","embeddable":true,"href":"https:\/\/www.icscyl.com\/mileon\/wp-json\/wp\/v2\/categories?post=7717"},{"taxonomy":"post_tag","embeddable":true,"href":"https:\/\/www.icscyl.com\/mileon\/wp-json\/wp\/v2\/tags?post=7717"}],"curies":[{"name":"wp","href":"https:\/\/api.w.org\/{rel}","templated":true}]}}