{"id":7708,"date":"2014-09-16T17:12:35","date_gmt":"2014-09-16T16:12:35","guid":{"rendered":"http:\/\/mileon.wordpress.com\/?p=7708"},"modified":"2014-09-16T17:12:35","modified_gmt":"2014-09-16T16:12:35","slug":"tratamiento-del-edema-agudo-de-pulmon","status":"publish","type":"post","link":"https:\/\/www.icscyl.com\/mileon\/residentes\/2014-09-16\/tratamiento-del-edema-agudo-de-pulmon\/","title":{"rendered":"Tratamiento del edema agudo de pulm\u00f3n."},"content":{"rendered":"<p style=\"text-align:justify;\"><a href=\"https:\/\/mileon.files.wordpress.com\/2013\/04\/imagen2.jpg\"><img loading=\"lazy\" decoding=\"async\" class=\"alignright  wp-image-6113\" src=\"https:\/\/mileon.files.wordpress.com\/2013\/04\/imagen2.jpg\" alt=\"imagen\" width=\"155\" height=\"141\" \/><\/a>El 15 de septiembre de 2014 la Dra. Laura Romero Roche (R1 Cardiolog\u00eda) nos coment\u00f3 los aspectos m\u00e1s relevantes en el manejo del edema agudo de pulm\u00f3n, que es la forma grave de congesti\u00f3n pulmonar habitualmente por insuficiencia cardiaca. Inicia la exposici\u00f3n repasando la fisiopatolog\u00eda, etiolog\u00eda y diagn\u00f3stico.<\/p>\n<p style=\"text-align:justify;\">Se puede visualizar en el siguiente\u00a0<a href=\"https:\/\/drive.google.com\/file\/d\/0BxXYCqMXR4ZacEQ2d2tMdmY1eEk\/edit?usp=sharing\">enlace.<\/a><\/p>\n","protected":false},"excerpt":{"rendered":"<p>El 15 de septiembre de 2014 la Dra. Laura Romero Roche (R1 Cardiolog\u00eda) nos coment\u00f3 los aspectos m\u00e1s relevantes en el manejo del edema agudo de pulm\u00f3n, que es la forma grave de congesti\u00f3n pulmonar habitualmente por insuficiencia cardiaca. Inicia la exposici\u00f3n repasando la fisiopatolog\u00eda, etiolog\u00eda y diagn\u00f3stico. Se puede visualizar en el siguiente\u00a0enlace.<\/p>\n","protected":false},"author":6,"featured_media":0,"comment_status":"open","ping_status":"open","sticky":false,"template":"","format":"standard","meta":{"jetpack_post_was_ever_published":false,"_jetpack_newsletter_access":"","_jetpack_dont_email_post_to_subs":false,"_jetpack_newsletter_tier_id":0,"_jetpack_memberships_contains_paywalled_content":false,"_jetpack_memberships_contains_paid_content":false,"footnotes":"","jetpack_publicize_message":"","jetpack_publicize_feature_enabled":true,"jetpack_social_post_already_shared":false,"jetpack_social_options":{"image_generator_settings":{"template":"highway","default_image_id":0,"font":"","enabled":false},"version":2}},"categories":[721],"tags":[934],"class_list":["post-7708","post","type-post","status-publish","format-standard","hentry","category-residentes","tag-molina"],"jetpack_publicize_connections":[],"jetpack_featured_media_url":"","jetpack_sharing_enabled":true,"post_mailing_queue_ids":[],"_links":{"self":[{"href":"https:\/\/www.icscyl.com\/mileon\/wp-json\/wp\/v2\/posts\/7708","targetHints":{"allow":["GET"]}}],"collection":[{"href":"https:\/\/www.icscyl.com\/mileon\/wp-json\/wp\/v2\/posts"}],"about":[{"href":"https:\/\/www.icscyl.com\/mileon\/wp-json\/wp\/v2\/types\/post"}],"author":[{"embeddable":true,"href":"https:\/\/www.icscyl.com\/mileon\/wp-json\/wp\/v2\/users\/6"}],"replies":[{"embeddable":true,"href":"https:\/\/www.icscyl.com\/mileon\/wp-json\/wp\/v2\/comments?post=7708"}],"version-history":[{"count":0,"href":"https:\/\/www.icscyl.com\/mileon\/wp-json\/wp\/v2\/posts\/7708\/revisions"}],"wp:attachment":[{"href":"https:\/\/www.icscyl.com\/mileon\/wp-json\/wp\/v2\/media?parent=7708"}],"wp:term":[{"taxonomy":"category","embeddable":true,"href":"https:\/\/www.icscyl.com\/mileon\/wp-json\/wp\/v2\/categories?post=7708"},{"taxonomy":"post_tag","embeddable":true,"href":"https:\/\/www.icscyl.com\/mileon\/wp-json\/wp\/v2\/tags?post=7708"}],"curies":[{"name":"wp","href":"https:\/\/api.w.org\/{rel}","templated":true}]}}