{"id":7674,"date":"2014-09-12T11:47:53","date_gmt":"2014-09-12T10:47:53","guid":{"rendered":"http:\/\/mileon.wordpress.com\/?p=7674"},"modified":"2014-09-12T11:47:53","modified_gmt":"2014-09-12T10:47:53","slug":"sesion-clinica-262014-timoma","status":"publish","type":"post","link":"https:\/\/www.icscyl.com\/mileon\/sesiones-clinicas\/2014-09-12\/sesion-clinica-262014-timoma\/","title":{"rendered":"Sesi\u00f3n cl\u00ednica 26\/2014: timoma."},"content":{"rendered":"<p style=\"text-align:justify;\">El 20 de agosto de 2014<img loading=\"lazy\" decoding=\"async\" class=\"alignright  wp-image-7643\" src=\"https:\/\/mileon.files.wordpress.com\/2014\/08\/rx-torax-pa.jpg\" alt=\"Rx torax PA\" width=\"166\" height=\"168\" \/>\u00a0fue el debut del Dr. Gerard Sancho Pascual (R1 MI) en el diagn\u00f3stico diferencial de un caso que trata de un var\u00f3n de 75 a\u00f1os de edad con antecedentes de diabetes, prostatismo y hernia de hiato que presenta desde hace tres meses astenia, dolor escapular y una masa mediast\u00ednica. Su presentaci\u00f3n se puede visualizar en el siguiente\u00a0<a href=\"https:\/\/drive.google.com\/file\/d\/0BxXYCqMXR4ZaWjMzR2hiZzhlNWs\/edit?usp=sharing\">enlace.<\/a><br \/>\nLa Dra. Isabel Muinelo Voces (adjunta MI) lo resolvi\u00f3. Los resultados de las pruebas complementarias, evoluci\u00f3n y comentarios interesantes sobre esta enfermedad se pueden ver\u00a0<a href=\"https:\/\/drive.google.com\/file\/d\/0BxXYCqMXR4ZabExhUzB1bEFLbDg\/edit?usp=sharing\">aqu\u00ed.<\/a><\/p>\n","protected":false},"excerpt":{"rendered":"<p>El 20 de agosto de 2014\u00a0fue el debut del Dr. Gerard Sancho Pascual (R1 MI) en el diagn\u00f3stico diferencial de un caso que trata de un var\u00f3n de 75 a\u00f1os de edad con antecedentes de diabetes, prostatismo y hernia de hiato que presenta desde hace tres meses astenia, dolor escapular y una masa mediast\u00ednica. Su [&hellip;]<\/p>\n","protected":false},"author":6,"featured_media":0,"comment_status":"open","ping_status":"open","sticky":false,"template":"","format":"standard","meta":{"jetpack_post_was_ever_published":false,"_jetpack_newsletter_access":"","_jetpack_dont_email_post_to_subs":false,"_jetpack_newsletter_tier_id":0,"_jetpack_memberships_contains_paywalled_content":false,"_jetpack_memberships_contains_paid_content":false,"footnotes":"","jetpack_publicize_message":"","jetpack_publicize_feature_enabled":true,"jetpack_social_post_already_shared":false,"jetpack_social_options":{"image_generator_settings":{"template":"highway","default_image_id":0,"font":"","enabled":false},"version":2}},"categories":[723],"tags":[947],"class_list":["post-7674","post","type-post","status-publish","format-standard","hentry","category-sesiones-clinicas","tag-muinelo"],"jetpack_publicize_connections":[],"jetpack_featured_media_url":"","jetpack_sharing_enabled":true,"post_mailing_queue_ids":[],"_links":{"self":[{"href":"https:\/\/www.icscyl.com\/mileon\/wp-json\/wp\/v2\/posts\/7674","targetHints":{"allow":["GET"]}}],"collection":[{"href":"https:\/\/www.icscyl.com\/mileon\/wp-json\/wp\/v2\/posts"}],"about":[{"href":"https:\/\/www.icscyl.com\/mileon\/wp-json\/wp\/v2\/types\/post"}],"author":[{"embeddable":true,"href":"https:\/\/www.icscyl.com\/mileon\/wp-json\/wp\/v2\/users\/6"}],"replies":[{"embeddable":true,"href":"https:\/\/www.icscyl.com\/mileon\/wp-json\/wp\/v2\/comments?post=7674"}],"version-history":[{"count":0,"href":"https:\/\/www.icscyl.com\/mileon\/wp-json\/wp\/v2\/posts\/7674\/revisions"}],"wp:attachment":[{"href":"https:\/\/www.icscyl.com\/mileon\/wp-json\/wp\/v2\/media?parent=7674"}],"wp:term":[{"taxonomy":"category","embeddable":true,"href":"https:\/\/www.icscyl.com\/mileon\/wp-json\/wp\/v2\/categories?post=7674"},{"taxonomy":"post_tag","embeddable":true,"href":"https:\/\/www.icscyl.com\/mileon\/wp-json\/wp\/v2\/tags?post=7674"}],"curies":[{"name":"wp","href":"https:\/\/api.w.org\/{rel}","templated":true}]}}