{"id":7671,"date":"2014-09-12T11:37:40","date_gmt":"2014-09-12T10:37:40","guid":{"rendered":"http:\/\/mileon.wordpress.com\/?p=7671"},"modified":"2014-09-12T11:37:40","modified_gmt":"2014-09-12T10:37:40","slug":"hipercalcemia-tumoral-tratamiento","status":"publish","type":"post","link":"https:\/\/www.icscyl.com\/mileon\/residentes\/2014-09-12\/hipercalcemia-tumoral-tratamiento\/","title":{"rendered":"Hipercalcemia tumoral: tratamiento."},"content":{"rendered":"<p style=\"text-align:justify;\"><a href=\"https:\/\/mileon.files.wordpress.com\/2014\/09\/imagen.jpg\"><img loading=\"lazy\" decoding=\"async\" class=\"alignright  wp-image-7672\" src=\"https:\/\/mileon.files.wordpress.com\/2014\/09\/imagen.jpg?w=265\" alt=\"Calcium\" width=\"115\" height=\"129\" \/><\/a>El 18 de agosto de 2014 la Dra Mariana L\u00f3pez Flores (R1 Oncolog\u00eda) habl\u00f3 sobre\u00a0el manejo de la hipercalcemia tumoral. Nos recuerda que es la causa m\u00e1s frecuente de hipercalcemia en los pacientes hospitalizados y la urgencia metab\u00f3lica m\u00e1s frecuente en pacientes oncol\u00f3gicos.<\/p>\n<p style=\"text-align:justify;\">Su presentaci\u00f3n se puede ver\u00a0<a href=\"https:\/\/drive.google.com\/file\/d\/0BxXYCqMXR4ZaM2gyVXBWOFI2bGM\/edit?usp=sharing\">aqu\u00ed.<\/a><\/p>\n","protected":false},"excerpt":{"rendered":"<p>El 18 de agosto de 2014 la Dra Mariana L\u00f3pez Flores (R1 Oncolog\u00eda) habl\u00f3 sobre\u00a0el manejo de la hipercalcemia tumoral. Nos recuerda que es la causa m\u00e1s frecuente de hipercalcemia en los pacientes hospitalizados y la urgencia metab\u00f3lica m\u00e1s frecuente en pacientes oncol\u00f3gicos. Su presentaci\u00f3n se puede ver\u00a0aqu\u00ed.<\/p>\n","protected":false},"author":6,"featured_media":0,"comment_status":"open","ping_status":"open","sticky":false,"template":"","format":"standard","meta":{"jetpack_post_was_ever_published":false,"_jetpack_newsletter_access":"","_jetpack_dont_email_post_to_subs":false,"_jetpack_newsletter_tier_id":0,"_jetpack_memberships_contains_paywalled_content":false,"_jetpack_memberships_contains_paid_content":false,"footnotes":"","jetpack_publicize_message":"","jetpack_publicize_feature_enabled":true,"jetpack_social_post_already_shared":false,"jetpack_social_options":{"image_generator_settings":{"template":"highway","default_image_id":0,"font":"","enabled":false},"version":2}},"categories":[721],"tags":[915],"class_list":["post-7671","post","type-post","status-publish","format-standard","hentry","category-residentes","tag-mariana"],"jetpack_publicize_connections":[],"jetpack_featured_media_url":"","jetpack_sharing_enabled":true,"post_mailing_queue_ids":[],"_links":{"self":[{"href":"https:\/\/www.icscyl.com\/mileon\/wp-json\/wp\/v2\/posts\/7671","targetHints":{"allow":["GET"]}}],"collection":[{"href":"https:\/\/www.icscyl.com\/mileon\/wp-json\/wp\/v2\/posts"}],"about":[{"href":"https:\/\/www.icscyl.com\/mileon\/wp-json\/wp\/v2\/types\/post"}],"author":[{"embeddable":true,"href":"https:\/\/www.icscyl.com\/mileon\/wp-json\/wp\/v2\/users\/6"}],"replies":[{"embeddable":true,"href":"https:\/\/www.icscyl.com\/mileon\/wp-json\/wp\/v2\/comments?post=7671"}],"version-history":[{"count":0,"href":"https:\/\/www.icscyl.com\/mileon\/wp-json\/wp\/v2\/posts\/7671\/revisions"}],"wp:attachment":[{"href":"https:\/\/www.icscyl.com\/mileon\/wp-json\/wp\/v2\/media?parent=7671"}],"wp:term":[{"taxonomy":"category","embeddable":true,"href":"https:\/\/www.icscyl.com\/mileon\/wp-json\/wp\/v2\/categories?post=7671"},{"taxonomy":"post_tag","embeddable":true,"href":"https:\/\/www.icscyl.com\/mileon\/wp-json\/wp\/v2\/tags?post=7671"}],"curies":[{"name":"wp","href":"https:\/\/api.w.org\/{rel}","templated":true}]}}