{"id":7429,"date":"2014-05-20T17:16:37","date_gmt":"2014-05-20T16:16:37","guid":{"rendered":"http:\/\/mileon.wordpress.com\/?p=7429"},"modified":"2014-05-20T17:16:37","modified_gmt":"2014-05-20T16:16:37","slug":"neumonia-por-legionella","status":"publish","type":"post","link":"https:\/\/www.icscyl.com\/mileon\/sesiones-bibliograficas\/2014-05-20\/neumonia-por-legionella\/","title":{"rendered":"Neumon\u00eda por Legionella."},"content":{"rendered":"<p style=\"text-align:justify;\"><a href=\"https:\/\/mileon.files.wordpress.com\/2014\/05\/imagen5.jpg\"><img loading=\"lazy\" decoding=\"async\" class=\"alignright  wp-image-7430\" src=\"https:\/\/mileon.files.wordpress.com\/2014\/05\/imagen5.jpg\" alt=\"imagen\" width=\"92\" height=\"109\" \/><\/a>El 19 de mayo de 2014 la Dra. Cristina Ferrero Sanz (R2 MI) dio la sesi\u00f3n bibliogr\u00e1fica de los lunes sobre la neumon\u00eda por Legionella.<\/p>\n<p style=\"text-align:justify;\">Repas\u00f3 desde la epidemiolog\u00eda al tratamiento. Nos record\u00f3 que es la 4\u00aa causa de neumon\u00eda adquirida en la comunidad, que tiene una cl\u00ednica muy inespec\u00edfica y que para su diagnostico es fundamental la sospecha. Debemos tenerla en cuenta al tratar una neumon\u00eda.<br \/>\nSu presentaci\u00f3n se puede ver en el siguiente <a href=\"https:\/\/drive.google.com\/file\/d\/0BxXYCqMXR4ZaOURERlBxRGVtVzg\/edit?usp=sharing\">enlace.<\/a><\/p>\n","protected":false},"excerpt":{"rendered":"<p>El 19 de mayo de 2014 la Dra. Cristina Ferrero Sanz (R2 MI) dio la sesi\u00f3n bibliogr\u00e1fica de los lunes sobre la neumon\u00eda por Legionella. Repas\u00f3 desde la epidemiolog\u00eda al tratamiento. Nos record\u00f3 que es la 4\u00aa causa de neumon\u00eda adquirida en la comunidad, que tiene una cl\u00ednica muy inespec\u00edfica y que para su diagnostico [&hellip;]<\/p>\n","protected":false},"author":6,"featured_media":0,"comment_status":"open","ping_status":"open","sticky":false,"template":"","format":"standard","meta":{"jetpack_post_was_ever_published":false,"_jetpack_newsletter_access":"","_jetpack_dont_email_post_to_subs":false,"_jetpack_newsletter_tier_id":0,"_jetpack_memberships_contains_paywalled_content":false,"_jetpack_memberships_contains_paid_content":false,"footnotes":"","jetpack_publicize_message":"","jetpack_publicize_feature_enabled":true,"jetpack_social_post_already_shared":false,"jetpack_social_options":{"image_generator_settings":{"template":"highway","default_image_id":0,"font":"","enabled":false},"version":2}},"categories":[722],"tags":[847],"class_list":["post-7429","post","type-post","status-publish","format-standard","hentry","category-sesiones-bibliograficas","tag-ferrero"],"jetpack_publicize_connections":[],"jetpack_featured_media_url":"","jetpack_sharing_enabled":true,"post_mailing_queue_ids":[],"_links":{"self":[{"href":"https:\/\/www.icscyl.com\/mileon\/wp-json\/wp\/v2\/posts\/7429","targetHints":{"allow":["GET"]}}],"collection":[{"href":"https:\/\/www.icscyl.com\/mileon\/wp-json\/wp\/v2\/posts"}],"about":[{"href":"https:\/\/www.icscyl.com\/mileon\/wp-json\/wp\/v2\/types\/post"}],"author":[{"embeddable":true,"href":"https:\/\/www.icscyl.com\/mileon\/wp-json\/wp\/v2\/users\/6"}],"replies":[{"embeddable":true,"href":"https:\/\/www.icscyl.com\/mileon\/wp-json\/wp\/v2\/comments?post=7429"}],"version-history":[{"count":0,"href":"https:\/\/www.icscyl.com\/mileon\/wp-json\/wp\/v2\/posts\/7429\/revisions"}],"wp:attachment":[{"href":"https:\/\/www.icscyl.com\/mileon\/wp-json\/wp\/v2\/media?parent=7429"}],"wp:term":[{"taxonomy":"category","embeddable":true,"href":"https:\/\/www.icscyl.com\/mileon\/wp-json\/wp\/v2\/categories?post=7429"},{"taxonomy":"post_tag","embeddable":true,"href":"https:\/\/www.icscyl.com\/mileon\/wp-json\/wp\/v2\/tags?post=7429"}],"curies":[{"name":"wp","href":"https:\/\/api.w.org\/{rel}","templated":true}]}}