{"id":7412,"date":"2014-05-15T15:25:09","date_gmt":"2014-05-15T14:25:09","guid":{"rendered":"http:\/\/mileon.wordpress.com\/?p=7412"},"modified":"2014-05-15T15:25:09","modified_gmt":"2014-05-15T14:25:09","slug":"sesion-clinica-142014-polineuropatia-paraneoplasica","status":"publish","type":"post","link":"https:\/\/www.icscyl.com\/mileon\/sesiones-clinicas\/2014-05-15\/sesion-clinica-142014-polineuropatia-paraneoplasica\/","title":{"rendered":"Sesi\u00f3n cl\u00ednica 14\/2014: polineuropat\u00eda paraneopl\u00e1sica."},"content":{"rendered":"<p style=\"text-align:justify;\"><a href=\"https:\/\/mileon.files.wordpress.com\/2014\/05\/images.jpg\"><img loading=\"lazy\" decoding=\"async\" class=\"alignright size-full wp-image-7413\" src=\"https:\/\/mileon.files.wordpress.com\/2014\/05\/images.jpg\" alt=\"images\" width=\"183\" height=\"275\" \/><\/a>Var\u00f3n de 78 a\u00f1os de edad, con fibrilaci\u00f3n auricular permanente, que presenta desde hace un mes sintomatolog\u00eda compatible con polineuropat\u00eda sim\u00e9trica y sensitiva en extremidades inferiores. Se acompa\u00f1a de una adenopat\u00eda axilar de 1 cm y leve anemia normoc\u00edtica.<\/p>\n<p style=\"text-align:justify;\">El diagnostico diferencial lo realiz\u00f3 la Dra. Elena Magaz Garc\u00eda (casi adjunta MI en su \u00faltima sesi\u00f3n) de forma acertada. El Dr. Juan Carlos Borrego Gal\u00e1n (adjunto MI) dio la soluci\u00f3n. Fue negativo el estudio de autoinmunidad y serolog\u00edas, en un TAC toracoabdominal no se vio patolog\u00eda relevante. Finalmente en la biopsia trucut de la adenopat\u00eda axilar se diagnostica de linfoma linfoc\u00edtico (pendiente de completar estudio en la actualidad).<br \/>\nSu presentaci\u00f3n se puede descargar <a href=\"https:\/\/drive.google.com\/file\/d\/0BxXYCqMXR4Zab1A4M2djZDB0UlE\/edit?usp=sharing\">aqu\u00ed.<\/a><br \/>\nEste mes y en concreto esta semana se van nuestros residentes de \u00faltimo a\u00f1o (y est\u00e1n a punto de llegar los del 1\u00ba). Agradecer a Paula y Elena (y a Mario que prolonga 6 meses) su trabajo en estos a\u00f1os.<\/p>\n","protected":false},"excerpt":{"rendered":"<p>Var\u00f3n de 78 a\u00f1os de edad, con fibrilaci\u00f3n auricular permanente, que presenta desde hace un mes sintomatolog\u00eda compatible con polineuropat\u00eda sim\u00e9trica y sensitiva en extremidades inferiores. Se acompa\u00f1a de una adenopat\u00eda axilar de 1 cm y leve anemia normoc\u00edtica. El diagnostico diferencial lo realiz\u00f3 la Dra. Elena Magaz Garc\u00eda (casi adjunta MI en su \u00faltima [&hellip;]<\/p>\n","protected":false},"author":6,"featured_media":0,"comment_status":"open","ping_status":"open","sticky":false,"template":"","format":"standard","meta":{"jetpack_post_was_ever_published":false,"_jetpack_newsletter_access":"","_jetpack_dont_email_post_to_subs":false,"_jetpack_newsletter_tier_id":0,"_jetpack_memberships_contains_paywalled_content":false,"_jetpack_memberships_contains_paid_content":false,"footnotes":"","jetpack_publicize_message":"","jetpack_publicize_feature_enabled":true,"jetpack_social_post_already_shared":false,"jetpack_social_options":{"image_generator_settings":{"template":"highway","default_image_id":0,"font":"","enabled":false},"version":2}},"categories":[723],"tags":[],"class_list":["post-7412","post","type-post","status-publish","format-standard","hentry","category-sesiones-clinicas"],"jetpack_publicize_connections":[],"jetpack_featured_media_url":"","jetpack_sharing_enabled":true,"post_mailing_queue_ids":[],"_links":{"self":[{"href":"https:\/\/www.icscyl.com\/mileon\/wp-json\/wp\/v2\/posts\/7412","targetHints":{"allow":["GET"]}}],"collection":[{"href":"https:\/\/www.icscyl.com\/mileon\/wp-json\/wp\/v2\/posts"}],"about":[{"href":"https:\/\/www.icscyl.com\/mileon\/wp-json\/wp\/v2\/types\/post"}],"author":[{"embeddable":true,"href":"https:\/\/www.icscyl.com\/mileon\/wp-json\/wp\/v2\/users\/6"}],"replies":[{"embeddable":true,"href":"https:\/\/www.icscyl.com\/mileon\/wp-json\/wp\/v2\/comments?post=7412"}],"version-history":[{"count":0,"href":"https:\/\/www.icscyl.com\/mileon\/wp-json\/wp\/v2\/posts\/7412\/revisions"}],"wp:attachment":[{"href":"https:\/\/www.icscyl.com\/mileon\/wp-json\/wp\/v2\/media?parent=7412"}],"wp:term":[{"taxonomy":"category","embeddable":true,"href":"https:\/\/www.icscyl.com\/mileon\/wp-json\/wp\/v2\/categories?post=7412"},{"taxonomy":"post_tag","embeddable":true,"href":"https:\/\/www.icscyl.com\/mileon\/wp-json\/wp\/v2\/tags?post=7412"}],"curies":[{"name":"wp","href":"https:\/\/api.w.org\/{rel}","templated":true}]}}