{"id":7082,"date":"2014-01-22T21:50:53","date_gmt":"2014-01-22T20:50:53","guid":{"rendered":"http:\/\/mileon.wordpress.com\/?p=7082"},"modified":"2014-01-22T21:50:53","modified_gmt":"2014-01-22T20:50:53","slug":"tratamiento-de-la-hepatitis-b-cronica","status":"publish","type":"post","link":"https:\/\/www.icscyl.com\/mileon\/residentes\/2014-01-22\/tratamiento-de-la-hepatitis-b-cronica\/","title":{"rendered":"Tratamiento de la hepatitis B cr\u00f3nica"},"content":{"rendered":"<p><a href=\"https:\/\/mileon.files.wordpress.com\/2014\/01\/hepatitissss.jpg\"><img loading=\"lazy\" decoding=\"async\" class=\"alignright  wp-image-7083\" alt=\"hepatitissss\" src=\"https:\/\/mileon.files.wordpress.com\/2014\/01\/hepatitissss.jpg\" width=\"154\" height=\"122\" \/><\/a>El pasado 14 de Enero, la dra. Monteser\u00edn, R1 de Digestivo present\u00f3 su sesi\u00f3n en el Monte San Isidro, sobre el tratamiento de la hepatitis B cr\u00f3nica. En su presentaci\u00f3n coment\u00f3 las situaciones que nos podemos encontrar en la pr\u00e1ctica diaria, as\u00ed como los objetivos de tratamiento y las indicaciones, para por \u00faltimo repasar los diferentes antivirales que disponemos en la actualidad. Su presentaci\u00f3n se encuentra disponible en el siguiente\u00a0<a href=\"https:\/\/drive.google.com\/file\/d\/0BxXYCqMXR4ZaN2VQSVBIMHoteUU\/edit?usp=sharing\">enlace.<\/a><\/p>\n","protected":false},"excerpt":{"rendered":"<p>El pasado 14 de Enero, la dra. Monteser\u00edn, R1 de Digestivo present\u00f3 su sesi\u00f3n en el Monte San Isidro, sobre el tratamiento de la hepatitis B cr\u00f3nica. En su presentaci\u00f3n coment\u00f3 las situaciones que nos podemos encontrar en la pr\u00e1ctica diaria, as\u00ed como los objetivos de tratamiento y las indicaciones, para por \u00faltimo repasar los [&hellip;]<\/p>\n","protected":false},"author":4,"featured_media":0,"comment_status":"open","ping_status":"open","sticky":false,"template":"","format":"standard","meta":{"jetpack_post_was_ever_published":false,"_jetpack_newsletter_access":"","_jetpack_dont_email_post_to_subs":false,"_jetpack_newsletter_tier_id":0,"_jetpack_memberships_contains_paywalled_content":false,"_jetpack_memberships_contains_paid_content":false,"footnotes":"","jetpack_publicize_message":"","jetpack_publicize_feature_enabled":true,"jetpack_social_post_already_shared":false,"jetpack_social_options":{"image_generator_settings":{"template":"highway","default_image_id":0,"font":"","enabled":false},"version":2}},"categories":[721],"tags":[938],"class_list":["post-7082","post","type-post","status-publish","format-standard","hentry","category-residentes","tag-monteserin"],"jetpack_publicize_connections":[],"jetpack_featured_media_url":"","jetpack_sharing_enabled":true,"post_mailing_queue_ids":[],"_links":{"self":[{"href":"https:\/\/www.icscyl.com\/mileon\/wp-json\/wp\/v2\/posts\/7082","targetHints":{"allow":["GET"]}}],"collection":[{"href":"https:\/\/www.icscyl.com\/mileon\/wp-json\/wp\/v2\/posts"}],"about":[{"href":"https:\/\/www.icscyl.com\/mileon\/wp-json\/wp\/v2\/types\/post"}],"author":[{"embeddable":true,"href":"https:\/\/www.icscyl.com\/mileon\/wp-json\/wp\/v2\/users\/4"}],"replies":[{"embeddable":true,"href":"https:\/\/www.icscyl.com\/mileon\/wp-json\/wp\/v2\/comments?post=7082"}],"version-history":[{"count":0,"href":"https:\/\/www.icscyl.com\/mileon\/wp-json\/wp\/v2\/posts\/7082\/revisions"}],"wp:attachment":[{"href":"https:\/\/www.icscyl.com\/mileon\/wp-json\/wp\/v2\/media?parent=7082"}],"wp:term":[{"taxonomy":"category","embeddable":true,"href":"https:\/\/www.icscyl.com\/mileon\/wp-json\/wp\/v2\/categories?post=7082"},{"taxonomy":"post_tag","embeddable":true,"href":"https:\/\/www.icscyl.com\/mileon\/wp-json\/wp\/v2\/tags?post=7082"}],"curies":[{"name":"wp","href":"https:\/\/api.w.org\/{rel}","templated":true}]}}