{"id":7036,"date":"2013-12-31T18:04:07","date_gmt":"2013-12-31T17:04:07","guid":{"rendered":"http:\/\/mileon.wordpress.com\/?p=7036"},"modified":"2013-12-31T18:04:07","modified_gmt":"2013-12-31T17:04:07","slug":"polimialgia-reumatica","status":"publish","type":"post","link":"https:\/\/www.icscyl.com\/mileon\/maitines\/2013-12-31\/polimialgia-reumatica\/","title":{"rendered":"Polimialgia Reum\u00e1tica."},"content":{"rendered":"<p style=\"text-align:justify;\"><a href=\"https:\/\/mileon.files.wordpress.com\/2013\/12\/20090710_mgb_polimialgia_reumc3a1tica_.jpg\"><img loading=\"lazy\" decoding=\"async\" class=\"alignright  wp-image-7038\" alt=\"20090710_mgb_Polimialgia_reum\u00e1tica_\" src=\"https:\/\/mileon.files.wordpress.com\/2013\/12\/20090710_mgb_polimialgia_reumc3a1tica_.jpg\" width=\"153\" height=\"153\" \/><\/a>Con la intenci\u00f3n de ponerme al d\u00eda antes de acabar el a\u00f1o, incluyo en el blog las Sesiones pendientes de este \u00faltimo mes. El 10 de Diciembre la Dra. Silvia Garc\u00eda, R4 de nuestro Servicio, present\u00f3 en las Sesiones de Maitines una revisi\u00f3n sobre la polimialgia reum\u00e1tica. Aprovechando la descripci\u00f3n de un caso cl\u00ednico, se describe con detalle esta entidad, con aportaciones bibliogr\u00e1ficas recientes.<\/p>\n<p style=\"text-align:justify;\">Descargar presentaci\u00f3n completa <em><strong><a href=\"https:\/\/drive.google.com\/file\/d\/0BxXYCqMXR4Zaek4zZFdWWTRvZmc\/edit?usp=sharing\">AQU\u00cd<\/a><\/strong><\/em><\/p>\n","protected":false},"excerpt":{"rendered":"<p>Con la intenci\u00f3n de ponerme al d\u00eda antes de acabar el a\u00f1o, incluyo en el blog las Sesiones pendientes de este \u00faltimo mes. El 10 de Diciembre la Dra. Silvia Garc\u00eda, R4 de nuestro Servicio, present\u00f3 en las Sesiones de Maitines una revisi\u00f3n sobre la polimialgia reum\u00e1tica. Aprovechando la descripci\u00f3n de un caso cl\u00ednico, se [&hellip;]<\/p>\n","protected":false},"author":5,"featured_media":0,"comment_status":"open","ping_status":"open","sticky":false,"template":"","format":"standard","meta":{"jetpack_post_was_ever_published":false,"_jetpack_newsletter_access":"","_jetpack_dont_email_post_to_subs":false,"_jetpack_newsletter_tier_id":0,"_jetpack_memberships_contains_paywalled_content":false,"_jetpack_memberships_contains_paid_content":false,"footnotes":"","jetpack_publicize_message":"","jetpack_publicize_feature_enabled":true,"jetpack_social_post_already_shared":false,"jetpack_social_options":{"image_generator_settings":{"template":"highway","default_image_id":0,"font":"","enabled":false},"version":2}},"categories":[715],"tags":[1032],"class_list":["post-7036","post","type-post","status-publish","format-standard","hentry","category-maitines","tag-silvia-garcia-martinez"],"jetpack_publicize_connections":[],"jetpack_featured_media_url":"","jetpack_sharing_enabled":true,"post_mailing_queue_ids":[],"_links":{"self":[{"href":"https:\/\/www.icscyl.com\/mileon\/wp-json\/wp\/v2\/posts\/7036","targetHints":{"allow":["GET"]}}],"collection":[{"href":"https:\/\/www.icscyl.com\/mileon\/wp-json\/wp\/v2\/posts"}],"about":[{"href":"https:\/\/www.icscyl.com\/mileon\/wp-json\/wp\/v2\/types\/post"}],"author":[{"embeddable":true,"href":"https:\/\/www.icscyl.com\/mileon\/wp-json\/wp\/v2\/users\/5"}],"replies":[{"embeddable":true,"href":"https:\/\/www.icscyl.com\/mileon\/wp-json\/wp\/v2\/comments?post=7036"}],"version-history":[{"count":0,"href":"https:\/\/www.icscyl.com\/mileon\/wp-json\/wp\/v2\/posts\/7036\/revisions"}],"wp:attachment":[{"href":"https:\/\/www.icscyl.com\/mileon\/wp-json\/wp\/v2\/media?parent=7036"}],"wp:term":[{"taxonomy":"category","embeddable":true,"href":"https:\/\/www.icscyl.com\/mileon\/wp-json\/wp\/v2\/categories?post=7036"},{"taxonomy":"post_tag","embeddable":true,"href":"https:\/\/www.icscyl.com\/mileon\/wp-json\/wp\/v2\/tags?post=7036"}],"curies":[{"name":"wp","href":"https:\/\/api.w.org\/{rel}","templated":true}]}}