{"id":7030,"date":"2013-12-29T11:33:32","date_gmt":"2013-12-29T10:33:32","guid":{"rendered":"http:\/\/mileon.wordpress.com\/?p=7030"},"modified":"2013-12-29T11:33:32","modified_gmt":"2013-12-29T10:33:32","slug":"causas-y-tratamiento-del-estrenimiento","status":"publish","type":"post","link":"https:\/\/www.icscyl.com\/mileon\/sesiones-bibliograficas\/2013-12-29\/causas-y-tratamiento-del-estrenimiento\/","title":{"rendered":"Causas y tratamiento del estre\u00f1imiento."},"content":{"rendered":"<p style=\"text-align:justify;\"><a href=\"https:\/\/mileon.files.wordpress.com\/2013\/12\/imagen1.jpeg\"><img loading=\"lazy\" decoding=\"async\" class=\"alignright  wp-image-7031\" alt=\"imagen\" src=\"https:\/\/mileon.files.wordpress.com\/2013\/12\/imagen1.jpeg\" width=\"192\" height=\"129\" \/><\/a>La sesi\u00f3n bibliogr\u00e1fica del viernes 27 de diciembre de 2013 en el Monte San Isidro\u00a0 le correspond\u00edo a la Dra. Elvira Fern\u00e1ndez Fern\u00e1ndez (adjunta Unidad Cuidados Paliativos) que revis\u00f3 las causas y tratamiento del estre\u00f1imiento en general y los aspectos m\u00e1s relevantes a tener en cuenta en los cuidados paliativos. Adem\u00e1s, coment\u00f3 las caracter\u00edsticas de los distintos laxantes.<br \/>\nSu presentaci\u00f3n se puede ver en el siguiente <a href=\"https:\/\/drive.google.com\/file\/d\/0BxXYCqMXR4ZaenlTSW1HbjBWUUU\/edit?usp=sharing\">enlace.<\/a><\/p>\n","protected":false},"excerpt":{"rendered":"<p>La sesi\u00f3n bibliogr\u00e1fica del viernes 27 de diciembre de 2013 en el Monte San Isidro\u00a0 le correspond\u00edo a la Dra. Elvira Fern\u00e1ndez Fern\u00e1ndez (adjunta Unidad Cuidados Paliativos) que revis\u00f3 las causas y tratamiento del estre\u00f1imiento en general y los aspectos m\u00e1s relevantes a tener en cuenta en los cuidados paliativos. Adem\u00e1s, coment\u00f3 las caracter\u00edsticas de [&hellip;]<\/p>\n","protected":false},"author":6,"featured_media":0,"comment_status":"open","ping_status":"open","sticky":false,"template":"","format":"standard","meta":{"jetpack_post_was_ever_published":false,"_jetpack_newsletter_access":"","_jetpack_dont_email_post_to_subs":false,"_jetpack_newsletter_tier_id":0,"_jetpack_memberships_contains_paywalled_content":false,"_jetpack_memberships_contains_paid_content":false,"footnotes":"","jetpack_publicize_message":"","jetpack_publicize_feature_enabled":true,"jetpack_social_post_already_shared":false,"jetpack_social_options":{"image_generator_settings":{"template":"highway","default_image_id":0,"font":"","enabled":false},"version":2}},"categories":[722],"tags":[832],"class_list":["post-7030","post","type-post","status-publish","format-standard","hentry","category-sesiones-bibliograficas","tag-elvira-fernandez"],"jetpack_publicize_connections":[],"jetpack_featured_media_url":"","jetpack_sharing_enabled":true,"post_mailing_queue_ids":[],"_links":{"self":[{"href":"https:\/\/www.icscyl.com\/mileon\/wp-json\/wp\/v2\/posts\/7030","targetHints":{"allow":["GET"]}}],"collection":[{"href":"https:\/\/www.icscyl.com\/mileon\/wp-json\/wp\/v2\/posts"}],"about":[{"href":"https:\/\/www.icscyl.com\/mileon\/wp-json\/wp\/v2\/types\/post"}],"author":[{"embeddable":true,"href":"https:\/\/www.icscyl.com\/mileon\/wp-json\/wp\/v2\/users\/6"}],"replies":[{"embeddable":true,"href":"https:\/\/www.icscyl.com\/mileon\/wp-json\/wp\/v2\/comments?post=7030"}],"version-history":[{"count":0,"href":"https:\/\/www.icscyl.com\/mileon\/wp-json\/wp\/v2\/posts\/7030\/revisions"}],"wp:attachment":[{"href":"https:\/\/www.icscyl.com\/mileon\/wp-json\/wp\/v2\/media?parent=7030"}],"wp:term":[{"taxonomy":"category","embeddable":true,"href":"https:\/\/www.icscyl.com\/mileon\/wp-json\/wp\/v2\/categories?post=7030"},{"taxonomy":"post_tag","embeddable":true,"href":"https:\/\/www.icscyl.com\/mileon\/wp-json\/wp\/v2\/tags?post=7030"}],"curies":[{"name":"wp","href":"https:\/\/api.w.org\/{rel}","templated":true}]}}