{"id":6911,"date":"2013-12-03T16:30:38","date_gmt":"2013-12-03T15:30:38","guid":{"rendered":"http:\/\/mileon.wordpress.com\/?p=6911"},"modified":"2013-12-03T16:30:38","modified_gmt":"2013-12-03T15:30:38","slug":"dolor-articluar-agudo","status":"publish","type":"post","link":"https:\/\/www.icscyl.com\/mileon\/residentes\/2013-12-03\/dolor-articluar-agudo\/","title":{"rendered":"Dolor articular agudo"},"content":{"rendered":"<p style=\"text-align:justify;\"><a href=\"https:\/\/mileon.files.wordpress.com\/2013\/12\/images.jpeg\"><img loading=\"lazy\" decoding=\"async\" class=\"alignright  wp-image-6912\" alt=\"images\" src=\"https:\/\/mileon.files.wordpress.com\/2013\/12\/images.jpeg\" width=\"145\" height=\"160\" \/><\/a>El 2 de diciembre de 2013 la Dra. Miriam Retuerto Guerrero (R1 Reumatolog\u00eda) nos habl\u00f3 del diagnostico diferencial y tratamiento del dolor articular. Entre otras cosas nos recuerda que es fundamental una buena anamnesis y exploraci\u00f3n f\u00edsica, que es importante no enmascarar el cuadro de base y que las artritis s\u00e9pticas son una urgencia m\u00e9dica.<br \/>\nSu presentaci\u00f3n se puede ver en el siguiente <a href=\"https:\/\/drive.google.com\/file\/d\/0BxXYCqMXR4ZaZVA2S1c1a2lXSkU\/edit?usp=sharing\">enlace.<\/a><\/p>\n","protected":false},"excerpt":{"rendered":"<p>El 2 de diciembre de 2013 la Dra. Miriam Retuerto Guerrero (R1 Reumatolog\u00eda) nos habl\u00f3 del diagnostico diferencial y tratamiento del dolor articular. Entre otras cosas nos recuerda que es fundamental una buena anamnesis y exploraci\u00f3n f\u00edsica, que es importante no enmascarar el cuadro de base y que las artritis s\u00e9pticas son una urgencia m\u00e9dica. [&hellip;]<\/p>\n","protected":false},"author":6,"featured_media":0,"comment_status":"open","ping_status":"open","sticky":false,"template":"","format":"standard","meta":{"jetpack_post_was_ever_published":false,"_jetpack_newsletter_access":"","_jetpack_dont_email_post_to_subs":false,"_jetpack_newsletter_tier_id":0,"_jetpack_memberships_contains_paywalled_content":false,"_jetpack_memberships_contains_paid_content":false,"footnotes":"","jetpack_publicize_message":"","jetpack_publicize_feature_enabled":true,"jetpack_social_post_already_shared":false,"jetpack_social_options":{"image_generator_settings":{"template":"highway","default_image_id":0,"font":"","enabled":false},"version":2}},"categories":[721],"tags":[993],"class_list":["post-6911","post","type-post","status-publish","format-standard","hentry","category-residentes","tag-retuerto"],"jetpack_publicize_connections":[],"jetpack_featured_media_url":"","jetpack_sharing_enabled":true,"post_mailing_queue_ids":[],"_links":{"self":[{"href":"https:\/\/www.icscyl.com\/mileon\/wp-json\/wp\/v2\/posts\/6911","targetHints":{"allow":["GET"]}}],"collection":[{"href":"https:\/\/www.icscyl.com\/mileon\/wp-json\/wp\/v2\/posts"}],"about":[{"href":"https:\/\/www.icscyl.com\/mileon\/wp-json\/wp\/v2\/types\/post"}],"author":[{"embeddable":true,"href":"https:\/\/www.icscyl.com\/mileon\/wp-json\/wp\/v2\/users\/6"}],"replies":[{"embeddable":true,"href":"https:\/\/www.icscyl.com\/mileon\/wp-json\/wp\/v2\/comments?post=6911"}],"version-history":[{"count":0,"href":"https:\/\/www.icscyl.com\/mileon\/wp-json\/wp\/v2\/posts\/6911\/revisions"}],"wp:attachment":[{"href":"https:\/\/www.icscyl.com\/mileon\/wp-json\/wp\/v2\/media?parent=6911"}],"wp:term":[{"taxonomy":"category","embeddable":true,"href":"https:\/\/www.icscyl.com\/mileon\/wp-json\/wp\/v2\/categories?post=6911"},{"taxonomy":"post_tag","embeddable":true,"href":"https:\/\/www.icscyl.com\/mileon\/wp-json\/wp\/v2\/tags?post=6911"}],"curies":[{"name":"wp","href":"https:\/\/api.w.org\/{rel}","templated":true}]}}