{"id":6886,"date":"2013-11-24T22:14:55","date_gmt":"2013-11-24T21:14:55","guid":{"rendered":"http:\/\/mileon.wordpress.com\/?p=6886"},"modified":"2013-11-24T22:14:55","modified_gmt":"2013-11-24T21:14:55","slug":"vacunacion-en-el-adulto","status":"publish","type":"post","link":"https:\/\/www.icscyl.com\/mileon\/residentes\/2013-11-24\/vacunacion-en-el-adulto\/","title":{"rendered":"Vacunaci\u00f3n en el adulto"},"content":{"rendered":"<p><a href=\"https:\/\/mileon.files.wordpress.com\/2013\/11\/20131001112120-vacuna.jpg\"><img loading=\"lazy\" decoding=\"async\" class=\"alignright  wp-image-6887\" alt=\"20131001112120-vacuna\" src=\"https:\/\/mileon.files.wordpress.com\/2013\/11\/20131001112120-vacuna.jpg\" width=\"130\" height=\"130\" \/><\/a>El pasado martes, el Dr. Aboud, R1 de Medicina Familiar y Comunitaria repas\u00f3 diferentes aspectos sobre la vacunaci\u00f3n en el adulto; se repasaron aspectos sobre su indicaci\u00f3n y las recomendaciones del SACyL al respecto. Al t\u00e9rmino de la charla se discutieron tambi\u00e9n los diferentes calendarios de vacunaci\u00f3n que rigen en cada comunidad aut\u00f3noma, y que se unificaran en breve.<\/p>\n<p>Su presentaci\u00f3n est\u00e1 disponible\u00a0<a href=\"https:\/\/drive.google.com\/file\/d\/0BxXYCqMXR4ZaSUZSVmUwdFJlMHM\/edit?usp=sharing\">aqu\u00ed.<\/a><\/p>\n","protected":false},"excerpt":{"rendered":"<p>El pasado martes, el Dr. Aboud, R1 de Medicina Familiar y Comunitaria repas\u00f3 diferentes aspectos sobre la vacunaci\u00f3n en el adulto; se repasaron aspectos sobre su indicaci\u00f3n y las recomendaciones del SACyL al respecto. Al t\u00e9rmino de la charla se discutieron tambi\u00e9n los diferentes calendarios de vacunaci\u00f3n que rigen en cada comunidad aut\u00f3noma, y que [&hellip;]<\/p>\n","protected":false},"author":4,"featured_media":0,"comment_status":"open","ping_status":"open","sticky":false,"template":"","format":"standard","meta":{"jetpack_post_was_ever_published":false,"_jetpack_newsletter_access":"","_jetpack_dont_email_post_to_subs":false,"_jetpack_newsletter_tier_id":0,"_jetpack_memberships_contains_paywalled_content":false,"_jetpack_memberships_contains_paid_content":false,"footnotes":"","jetpack_publicize_message":"","jetpack_publicize_feature_enabled":true,"jetpack_social_post_already_shared":false,"jetpack_social_options":{"image_generator_settings":{"template":"highway","default_image_id":0,"font":"","enabled":false},"version":2}},"categories":[721],"tags":[728],"class_list":["post-6886","post","type-post","status-publish","format-standard","hentry","category-residentes","tag-aboud"],"jetpack_publicize_connections":[],"jetpack_featured_media_url":"","jetpack_sharing_enabled":true,"post_mailing_queue_ids":[],"_links":{"self":[{"href":"https:\/\/www.icscyl.com\/mileon\/wp-json\/wp\/v2\/posts\/6886","targetHints":{"allow":["GET"]}}],"collection":[{"href":"https:\/\/www.icscyl.com\/mileon\/wp-json\/wp\/v2\/posts"}],"about":[{"href":"https:\/\/www.icscyl.com\/mileon\/wp-json\/wp\/v2\/types\/post"}],"author":[{"embeddable":true,"href":"https:\/\/www.icscyl.com\/mileon\/wp-json\/wp\/v2\/users\/4"}],"replies":[{"embeddable":true,"href":"https:\/\/www.icscyl.com\/mileon\/wp-json\/wp\/v2\/comments?post=6886"}],"version-history":[{"count":0,"href":"https:\/\/www.icscyl.com\/mileon\/wp-json\/wp\/v2\/posts\/6886\/revisions"}],"wp:attachment":[{"href":"https:\/\/www.icscyl.com\/mileon\/wp-json\/wp\/v2\/media?parent=6886"}],"wp:term":[{"taxonomy":"category","embeddable":true,"href":"https:\/\/www.icscyl.com\/mileon\/wp-json\/wp\/v2\/categories?post=6886"},{"taxonomy":"post_tag","embeddable":true,"href":"https:\/\/www.icscyl.com\/mileon\/wp-json\/wp\/v2\/tags?post=6886"}],"curies":[{"name":"wp","href":"https:\/\/api.w.org\/{rel}","templated":true}]}}