{"id":6868,"date":"2013-11-19T20:24:45","date_gmt":"2013-11-19T19:24:45","guid":{"rendered":"http:\/\/mileon.wordpress.com\/?p=6868"},"modified":"2013-11-19T20:24:45","modified_gmt":"2013-11-19T19:24:45","slug":"cribado-del-cancer-colorrectal-2","status":"publish","type":"post","link":"https:\/\/www.icscyl.com\/mileon\/maitines\/2013-11-19\/cribado-del-cancer-colorrectal-2\/","title":{"rendered":"Cribado del c\u00e1ncer colorrectal."},"content":{"rendered":"<p style=\"text-align:justify;\"><a href=\"https:\/\/mileon.files.wordpress.com\/2013\/11\/images.jpg\"><img loading=\"lazy\" decoding=\"async\" class=\"alignright  wp-image-6869\" alt=\"images\" src=\"https:\/\/mileon.files.wordpress.com\/2013\/11\/images.jpg\" width=\"153\" height=\"117\" \/><\/a>En la Sesi\u00f3n de Maitines del 5 de Noviembre el Dr. Santiago Vivas, adjunto del S\u00ba de Digestivo, present\u00f3 el programa que tiene previsto implantar la Junta de Castilla y Le\u00f3n en toda la Comunidad para la detecci\u00f3n precoz del c\u00e1ncer colorrectal. Se trata de un ambicioso proyecto que pretende realizar un cribado con detecci\u00f3n de sangre oculta en heces a toda la poblaci\u00f3n entre 50 y 69 a\u00f1os. En aquellos en los que el resultado sea positivo se completar\u00e1 el estudio con la realizaci\u00f3n de una colonoscopia. En la parte final de la presentaci\u00f3n, se exponen resultados de trabajos que avalan esta estrategia, aunque tambi\u00e9n hay publicados estudios que obtienen resultados contrarios. En el turno de comentarios, se estableci\u00f3 un intenso debate entre las dificultades pr\u00e1cticas de aplicar esta estrategia, sobre todo por el aumento del n\u00famero de colonoscopias a realizar, y por la utilidad real de este esfuerzo.<\/p>\n<p>Descargar presentaci\u00f3n completa<strong><em> <a href=\"https:\/\/drive.google.com\/file\/d\/0BxXYCqMXR4ZabkhWV2ZDenNuZVU\/edit?usp=sharing\">AQU\u00cd<\/a><\/em><\/strong><\/p>\n","protected":false},"excerpt":{"rendered":"<p>En la Sesi\u00f3n de Maitines del 5 de Noviembre el Dr. Santiago Vivas, adjunto del S\u00ba de Digestivo, present\u00f3 el programa que tiene previsto implantar la Junta de Castilla y Le\u00f3n en toda la Comunidad para la detecci\u00f3n precoz del c\u00e1ncer colorrectal. Se trata de un ambicioso proyecto que pretende realizar un cribado con detecci\u00f3n [&hellip;]<\/p>\n","protected":false},"author":5,"featured_media":0,"comment_status":"open","ping_status":"open","sticky":false,"template":"","format":"standard","meta":{"jetpack_post_was_ever_published":false,"_jetpack_newsletter_access":"","_jetpack_dont_email_post_to_subs":false,"_jetpack_newsletter_tier_id":0,"_jetpack_memberships_contains_paywalled_content":false,"_jetpack_memberships_contains_paid_content":false,"footnotes":"","jetpack_publicize_message":"","jetpack_publicize_feature_enabled":true,"jetpack_social_post_already_shared":false,"jetpack_social_options":{"image_generator_settings":{"template":"highway","default_image_id":0,"font":"","enabled":false},"version":2}},"categories":[715],"tags":[1062],"class_list":["post-6868","post","type-post","status-publish","format-standard","hentry","category-maitines","tag-vivas"],"jetpack_publicize_connections":[],"jetpack_featured_media_url":"","jetpack_sharing_enabled":true,"post_mailing_queue_ids":[],"_links":{"self":[{"href":"https:\/\/www.icscyl.com\/mileon\/wp-json\/wp\/v2\/posts\/6868","targetHints":{"allow":["GET"]}}],"collection":[{"href":"https:\/\/www.icscyl.com\/mileon\/wp-json\/wp\/v2\/posts"}],"about":[{"href":"https:\/\/www.icscyl.com\/mileon\/wp-json\/wp\/v2\/types\/post"}],"author":[{"embeddable":true,"href":"https:\/\/www.icscyl.com\/mileon\/wp-json\/wp\/v2\/users\/5"}],"replies":[{"embeddable":true,"href":"https:\/\/www.icscyl.com\/mileon\/wp-json\/wp\/v2\/comments?post=6868"}],"version-history":[{"count":0,"href":"https:\/\/www.icscyl.com\/mileon\/wp-json\/wp\/v2\/posts\/6868\/revisions"}],"wp:attachment":[{"href":"https:\/\/www.icscyl.com\/mileon\/wp-json\/wp\/v2\/media?parent=6868"}],"wp:term":[{"taxonomy":"category","embeddable":true,"href":"https:\/\/www.icscyl.com\/mileon\/wp-json\/wp\/v2\/categories?post=6868"},{"taxonomy":"post_tag","embeddable":true,"href":"https:\/\/www.icscyl.com\/mileon\/wp-json\/wp\/v2\/tags?post=6868"}],"curies":[{"name":"wp","href":"https:\/\/api.w.org\/{rel}","templated":true}]}}