{"id":6846,"date":"2013-11-12T19:54:35","date_gmt":"2013-11-12T18:54:35","guid":{"rendered":"http:\/\/mileon.wordpress.com\/?p=6846"},"modified":"2013-11-12T19:54:35","modified_gmt":"2013-11-12T18:54:35","slug":"medicacion-antidepresiva-uso-practico","status":"publish","type":"post","link":"https:\/\/www.icscyl.com\/mileon\/residentes\/2013-11-12\/medicacion-antidepresiva-uso-practico\/","title":{"rendered":"Medicaci\u00f3n antidepresiva: uso pr\u00e1ctico."},"content":{"rendered":"<p style=\"text-align:justify;\"><a href=\"https:\/\/mileon.files.wordpress.com\/2013\/11\/images.jpeg\"><img loading=\"lazy\" decoding=\"async\" class=\"alignright  wp-image-6847\" alt=\"images\" src=\"https:\/\/mileon.files.wordpress.com\/2013\/11\/images.jpeg?w=300\" width=\"210\" height=\"109\" \/><\/a>El 11 de noviembre de 2013 la Dra. Isabel Mayorga Bajo (R4 Farmacia) repas\u00f3 los distintos antidepresivos y su manejo.<\/p>\n<p style=\"text-align:justify;\">Partiendo de que el beneficio es mayor si el trastorno depresivo es m\u00e1s grave, en los casos leves-moderados no se deber\u00edan iniciar de forma rutinaria. Hay que tener en cuenta distintos aspectos como que de elecci\u00f3n son los ISRS, la dosificaci\u00f3n debe ser gradual seg\u00fan respuesta y tolerancia, tardan semanas en actuar y no se deben suspender de forma brusca.<br \/>\nSu presentaci\u00f3n, que contiene estos comentarios y otros, se puede visualizar en el siguiente <a href=\"https:\/\/drive.google.com\/file\/d\/0BxXYCqMXR4ZaekE0UEVIWmQ5SlE\/edit?usp=sharing\">enlace.<\/a><\/p>\n","protected":false},"excerpt":{"rendered":"<p>El 11 de noviembre de 2013 la Dra. Isabel Mayorga Bajo (R4 Farmacia) repas\u00f3 los distintos antidepresivos y su manejo. Partiendo de que el beneficio es mayor si el trastorno depresivo es m\u00e1s grave, en los casos leves-moderados no se deber\u00edan iniciar de forma rutinaria. Hay que tener en cuenta distintos aspectos como que de [&hellip;]<\/p>\n","protected":false},"author":6,"featured_media":0,"comment_status":"open","ping_status":"open","sticky":false,"template":"","format":"standard","meta":{"jetpack_post_was_ever_published":false,"_jetpack_newsletter_access":"","_jetpack_dont_email_post_to_subs":false,"_jetpack_newsletter_tier_id":0,"_jetpack_memberships_contains_paywalled_content":false,"_jetpack_memberships_contains_paid_content":false,"footnotes":"","jetpack_publicize_message":"","jetpack_publicize_feature_enabled":true,"jetpack_social_post_already_shared":false,"jetpack_social_options":{"image_generator_settings":{"template":"highway","default_image_id":0,"font":"","enabled":false},"version":2}},"categories":[721],"tags":[924],"class_list":["post-6846","post","type-post","status-publish","format-standard","hentry","category-residentes","tag-mayorga"],"jetpack_publicize_connections":[],"jetpack_featured_media_url":"","jetpack_sharing_enabled":true,"post_mailing_queue_ids":[],"_links":{"self":[{"href":"https:\/\/www.icscyl.com\/mileon\/wp-json\/wp\/v2\/posts\/6846","targetHints":{"allow":["GET"]}}],"collection":[{"href":"https:\/\/www.icscyl.com\/mileon\/wp-json\/wp\/v2\/posts"}],"about":[{"href":"https:\/\/www.icscyl.com\/mileon\/wp-json\/wp\/v2\/types\/post"}],"author":[{"embeddable":true,"href":"https:\/\/www.icscyl.com\/mileon\/wp-json\/wp\/v2\/users\/6"}],"replies":[{"embeddable":true,"href":"https:\/\/www.icscyl.com\/mileon\/wp-json\/wp\/v2\/comments?post=6846"}],"version-history":[{"count":0,"href":"https:\/\/www.icscyl.com\/mileon\/wp-json\/wp\/v2\/posts\/6846\/revisions"}],"wp:attachment":[{"href":"https:\/\/www.icscyl.com\/mileon\/wp-json\/wp\/v2\/media?parent=6846"}],"wp:term":[{"taxonomy":"category","embeddable":true,"href":"https:\/\/www.icscyl.com\/mileon\/wp-json\/wp\/v2\/categories?post=6846"},{"taxonomy":"post_tag","embeddable":true,"href":"https:\/\/www.icscyl.com\/mileon\/wp-json\/wp\/v2\/tags?post=6846"}],"curies":[{"name":"wp","href":"https:\/\/api.w.org\/{rel}","templated":true}]}}