{"id":6827,"date":"2013-11-07T18:00:41","date_gmt":"2013-11-07T17:00:41","guid":{"rendered":"http:\/\/mileon.wordpress.com\/?p=6827"},"modified":"2013-11-07T18:00:41","modified_gmt":"2013-11-07T17:00:41","slug":"sesion-clinica-semana-45-hipertension-arterial-maligna","status":"publish","type":"post","link":"https:\/\/www.icscyl.com\/mileon\/sesiones-clinicas\/2013-11-07\/sesion-clinica-semana-45-hipertension-arterial-maligna\/","title":{"rendered":"Sesi\u00f3n cl\u00ednica semana 45: HTA maligna."},"content":{"rendered":"<p style=\"text-align:justify;\"><a href=\"https:\/\/mileon.files.wordpress.com\/2013\/11\/imagen1.jpg\"><img loading=\"lazy\" decoding=\"async\" class=\"alignright  wp-image-6828\" alt=\"imagen\" src=\"https:\/\/mileon.files.wordpress.com\/2013\/11\/imagen1.jpg?w=226\" width=\"182\" height=\"172\" \/><\/a>Var\u00f3n de 36 a\u00f1os de edad ,con antecedentes de hipertensi\u00f3n arterial y hemocromatosis, que presenta cefalea y disminuci\u00f3n en agudeza visual en \u00faltima semana cursando con cifras de TA muy elevadas y alteraciones en fondo de ojo junto hipertrofia ventricular y derrame peric\u00e1rdico severo.<br \/> La Dra. Cristina Sardi\u00f1a Gonz\u00e1lez (R2 MI) hizo el diagnostico diferencial en base a las crisis hipertensivas y su presentaci\u00f3n puede ser visualizada en el siguiente <a href=\"https:\/\/drive.google.com\/file\/d\/0BxXYCqMXR4ZaZnA1ME5BOXhlRjg\/edit?usp=sharing\">enlace.<\/a><br \/> Fue la Dra. Esther Fern\u00e1ndez P\u00e9rez (Jefe Secci\u00f3n MI) qui\u00e9n se encarg\u00f3 de aportar la soluci\u00f3n. Un resumen del caso, los resultados de los distintos estudios practicados y una revisi\u00f3n sobre la hipertensi\u00f3n arterial maligna se pueden descargar <a href=\"https:\/\/drive.google.com\/file\/d\/0BxXYCqMXR4ZaMkoyQTZLc1BxbFU\/edit?usp=sharing\">aqu\u00ed.<\/a><\/p>\n","protected":false},"excerpt":{"rendered":"<p>Var\u00f3n de 36 a\u00f1os de edad ,con antecedentes de hipertensi\u00f3n arterial y hemocromatosis, que presenta cefalea y disminuci\u00f3n en agudeza visual en \u00faltima semana cursando con cifras de TA muy elevadas y alteraciones en fondo de ojo junto hipertrofia ventricular y derrame peric\u00e1rdico severo. La Dra. Cristina Sardi\u00f1a Gonz\u00e1lez (R2 MI) hizo el diagnostico diferencial [&hellip;]<\/p>\n","protected":false},"author":6,"featured_media":0,"comment_status":"open","ping_status":"open","sticky":false,"template":"","format":"standard","meta":{"jetpack_post_was_ever_published":false,"_jetpack_newsletter_access":"","_jetpack_dont_email_post_to_subs":false,"_jetpack_newsletter_tier_id":0,"_jetpack_memberships_contains_paywalled_content":false,"_jetpack_memberships_contains_paid_content":false,"footnotes":"","jetpack_publicize_message":"","jetpack_publicize_feature_enabled":true,"jetpack_social_post_already_shared":false,"jetpack_social_options":{"image_generator_settings":{"template":"highway","default_image_id":0,"font":"","enabled":false},"version":2}},"categories":[723],"tags":[840],"class_list":["post-6827","post","type-post","status-publish","format-standard","hentry","category-sesiones-clinicas","tag-esther-fernandez"],"jetpack_publicize_connections":[],"jetpack_featured_media_url":"","jetpack_sharing_enabled":true,"post_mailing_queue_ids":[],"_links":{"self":[{"href":"https:\/\/www.icscyl.com\/mileon\/wp-json\/wp\/v2\/posts\/6827","targetHints":{"allow":["GET"]}}],"collection":[{"href":"https:\/\/www.icscyl.com\/mileon\/wp-json\/wp\/v2\/posts"}],"about":[{"href":"https:\/\/www.icscyl.com\/mileon\/wp-json\/wp\/v2\/types\/post"}],"author":[{"embeddable":true,"href":"https:\/\/www.icscyl.com\/mileon\/wp-json\/wp\/v2\/users\/6"}],"replies":[{"embeddable":true,"href":"https:\/\/www.icscyl.com\/mileon\/wp-json\/wp\/v2\/comments?post=6827"}],"version-history":[{"count":0,"href":"https:\/\/www.icscyl.com\/mileon\/wp-json\/wp\/v2\/posts\/6827\/revisions"}],"wp:attachment":[{"href":"https:\/\/www.icscyl.com\/mileon\/wp-json\/wp\/v2\/media?parent=6827"}],"wp:term":[{"taxonomy":"category","embeddable":true,"href":"https:\/\/www.icscyl.com\/mileon\/wp-json\/wp\/v2\/categories?post=6827"},{"taxonomy":"post_tag","embeddable":true,"href":"https:\/\/www.icscyl.com\/mileon\/wp-json\/wp\/v2\/tags?post=6827"}],"curies":[{"name":"wp","href":"https:\/\/api.w.org\/{rel}","templated":true}]}}