{"id":6672,"date":"2013-09-27T16:07:20","date_gmt":"2013-09-27T15:07:20","guid":{"rendered":"http:\/\/mileon.wordpress.com\/?p=6672"},"modified":"2013-09-27T16:07:20","modified_gmt":"2013-09-27T15:07:20","slug":"sesion-clinica-semana-39-sindrome-de-isaacs-vs-morvan","status":"publish","type":"post","link":"https:\/\/www.icscyl.com\/mileon\/sesiones-clinicas\/2013-09-27\/sesion-clinica-semana-39-sindrome-de-isaacs-vs-morvan\/","title":{"rendered":"Sesi\u00f3n cl\u00ednica (semana 39): s\u00edndrome de Isaac vs Morvan"},"content":{"rendered":"<p style=\"text-align:justify;\"><a href=\"https:\/\/mileon.files.wordpress.com\/2013\/09\/imagen8.jpg\"><img loading=\"lazy\" decoding=\"async\" class=\"alignright  wp-image-6673\" alt=\"imagen\" src=\"https:\/\/mileon.files.wordpress.com\/2013\/09\/imagen8.jpg?w=300\" width=\"210\" height=\"180\" \/><\/a>Var\u00f3n de 42 a\u00f1os de edad sin antecedentes de inter\u00e9s que ingresa por debilidad generalizada y mialgias desde hace un mes. Se acompa\u00f1a de lesiones cut\u00e1neas y alucinaciones auditivas. Tiene atrofia muscular, fasciculaciones y discreta elevaci\u00f3n de la CK.<\/p>\n<p>El diagn\u00f3stico diferencial lo realiz\u00f3 el Dr. Mario Prieto Garc\u00eda (R4 MI) en base a la debilidad muscular e intentando localizar el nivel lesional. Su presentaci\u00f3n se puede descargar en el siguiente <a href=\"https:\/\/docs.google.com\/file\/d\/0BxXYCqMXR4ZaOEc3VTNMMVNJTG8\/edit?usp=sharing\">enlace.<\/a><br \/>\nEl Dr. Luis Arto Mill\u00e1n (adjunto MI) nos relat\u00f3 la soluci\u00f3n. El resultado de las pruebas m\u00e1s relevantes y comentarios de la enfermedad se pueden ver <a href=\"https:\/\/docs.google.com\/file\/d\/0BxXYCqMXR4ZaN0ZHRjh1RW9WTHM\/edit?usp=sharing\">aqu\u00ed.<\/a> El diagnostico se realiz\u00f3 fundamentalmente en base al EMG. No fue tratado ante negativa del paciente y a los sies meses estaba asintom\u00e1tico. Se coment\u00f3 la rareza del cuadro y los aspectos controvertidos del mismo.<\/p>\n","protected":false},"excerpt":{"rendered":"<p>Var\u00f3n de 42 a\u00f1os de edad sin antecedentes de inter\u00e9s que ingresa por debilidad generalizada y mialgias desde hace un mes. Se acompa\u00f1a de lesiones cut\u00e1neas y alucinaciones auditivas. Tiene atrofia muscular, fasciculaciones y discreta elevaci\u00f3n de la CK. El diagn\u00f3stico diferencial lo realiz\u00f3 el Dr. Mario Prieto Garc\u00eda (R4 MI) en base a la [&hellip;]<\/p>\n","protected":false},"author":6,"featured_media":0,"comment_status":"open","ping_status":"open","sticky":false,"template":"","format":"standard","meta":{"jetpack_post_was_ever_published":false,"_jetpack_newsletter_access":"","_jetpack_dont_email_post_to_subs":false,"_jetpack_newsletter_tier_id":0,"_jetpack_memberships_contains_paywalled_content":false,"_jetpack_memberships_contains_paid_content":false,"footnotes":"","jetpack_publicize_message":"","jetpack_publicize_feature_enabled":true,"jetpack_social_post_already_shared":false,"jetpack_social_options":{"image_generator_settings":{"template":"highway","default_image_id":0,"font":"","enabled":false},"version":2}},"categories":[723],"tags":[756],"class_list":["post-6672","post","type-post","status-publish","format-standard","hentry","category-sesiones-clinicas","tag-arto"],"jetpack_publicize_connections":[],"jetpack_featured_media_url":"","jetpack_sharing_enabled":true,"post_mailing_queue_ids":[],"_links":{"self":[{"href":"https:\/\/www.icscyl.com\/mileon\/wp-json\/wp\/v2\/posts\/6672","targetHints":{"allow":["GET"]}}],"collection":[{"href":"https:\/\/www.icscyl.com\/mileon\/wp-json\/wp\/v2\/posts"}],"about":[{"href":"https:\/\/www.icscyl.com\/mileon\/wp-json\/wp\/v2\/types\/post"}],"author":[{"embeddable":true,"href":"https:\/\/www.icscyl.com\/mileon\/wp-json\/wp\/v2\/users\/6"}],"replies":[{"embeddable":true,"href":"https:\/\/www.icscyl.com\/mileon\/wp-json\/wp\/v2\/comments?post=6672"}],"version-history":[{"count":0,"href":"https:\/\/www.icscyl.com\/mileon\/wp-json\/wp\/v2\/posts\/6672\/revisions"}],"wp:attachment":[{"href":"https:\/\/www.icscyl.com\/mileon\/wp-json\/wp\/v2\/media?parent=6672"}],"wp:term":[{"taxonomy":"category","embeddable":true,"href":"https:\/\/www.icscyl.com\/mileon\/wp-json\/wp\/v2\/categories?post=6672"},{"taxonomy":"post_tag","embeddable":true,"href":"https:\/\/www.icscyl.com\/mileon\/wp-json\/wp\/v2\/tags?post=6672"}],"curies":[{"name":"wp","href":"https:\/\/api.w.org\/{rel}","templated":true}]}}