{"id":6571,"date":"2013-09-12T21:18:38","date_gmt":"2013-09-12T20:18:38","guid":{"rendered":"http:\/\/mileon.wordpress.com\/?p=6571"},"modified":"2013-09-12T21:18:38","modified_gmt":"2013-09-12T20:18:38","slug":"caso-clinico-semana-34-mieloma-multiple","status":"publish","type":"post","link":"https:\/\/www.icscyl.com\/mileon\/sesiones-clinicas\/2013-09-12\/caso-clinico-semana-34-mieloma-multiple\/","title":{"rendered":"Caso cl\u00ednico Semana 34: Mieloma m\u00faltiple"},"content":{"rendered":"<p><a href=\"https:\/\/mileon.files.wordpress.com\/2013\/09\/15-4-myeloma-cell.jpg\"><img loading=\"lazy\" decoding=\"async\" class=\"alignright  wp-image-6572\" alt=\"15-4-myeloma-cell\" src=\"https:\/\/mileon.files.wordpress.com\/2013\/09\/15-4-myeloma-cell.jpg\" width=\"149\" height=\"109\" \/><\/a>Con un poco de retraso una de las sesiones cl\u00ednicas del pasado mes de Agosto. Se trataba de un paciente que consultaba por un cuadro general, asociando una anemia normoc\u00edtica y una insuficiencia renal moderada de comienzo incierto. El diagn\u00f3stico diferencial fue realizado por la Dra. Ru\u00edz Bay\u00f3n, R4 de nuestro servicio, cuya presentaci\u00f3n pod\u00e9is descargar\u00a0<span style=\"color:#0000ff;\"><a href=\"https:\/\/docs.google.com\/file\/d\/0BxXYCqMXR4ZaYjUyR1ZkOFl5cGc\/edit?usp=sharing\"><span style=\"color:#0000ff;\">aqu\u00ed<\/span><\/a><\/span>. \u00a0La Dra. Vicente, adjunta de nuestro servicio aport\u00f3 la soluci\u00f3n y repas\u00f3 brevemente las posibles causas de insuficiencia renal que se dan en esta entidad. Su presentaci\u00f3n se encuentra disponible en el siguiente\u00a0<span style=\"color:#0000ff;\"><a href=\"https:\/\/docs.google.com\/file\/d\/0BxXYCqMXR4ZaWUtVN0ZNQmxEQ3M\/edit?usp=sharing\"><span style=\"color:#0000ff;\">enlace.<\/span><\/a><\/span><\/p>\n","protected":false},"excerpt":{"rendered":"<p>Con un poco de retraso una de las sesiones cl\u00ednicas del pasado mes de Agosto. Se trataba de un paciente que consultaba por un cuadro general, asociando una anemia normoc\u00edtica y una insuficiencia renal moderada de comienzo incierto. El diagn\u00f3stico diferencial fue realizado por la Dra. Ru\u00edz Bay\u00f3n, R4 de nuestro servicio, cuya presentaci\u00f3n pod\u00e9is [&hellip;]<\/p>\n","protected":false},"author":4,"featured_media":0,"comment_status":"open","ping_status":"open","sticky":false,"template":"","format":"standard","meta":{"jetpack_post_was_ever_published":false,"_jetpack_newsletter_access":"","_jetpack_dont_email_post_to_subs":false,"_jetpack_newsletter_tier_id":0,"_jetpack_memberships_contains_paywalled_content":false,"_jetpack_memberships_contains_paid_content":false,"footnotes":"","jetpack_publicize_message":"","jetpack_publicize_feature_enabled":true,"jetpack_social_post_already_shared":false,"jetpack_social_options":{"image_generator_settings":{"template":"highway","default_image_id":0,"font":"","enabled":false},"version":2}},"categories":[723],"tags":[1054],"class_list":["post-6571","post","type-post","status-publish","format-standard","hentry","category-sesiones-clinicas","tag-vicente"],"jetpack_publicize_connections":[],"jetpack_featured_media_url":"","jetpack_sharing_enabled":true,"post_mailing_queue_ids":[],"_links":{"self":[{"href":"https:\/\/www.icscyl.com\/mileon\/wp-json\/wp\/v2\/posts\/6571","targetHints":{"allow":["GET"]}}],"collection":[{"href":"https:\/\/www.icscyl.com\/mileon\/wp-json\/wp\/v2\/posts"}],"about":[{"href":"https:\/\/www.icscyl.com\/mileon\/wp-json\/wp\/v2\/types\/post"}],"author":[{"embeddable":true,"href":"https:\/\/www.icscyl.com\/mileon\/wp-json\/wp\/v2\/users\/4"}],"replies":[{"embeddable":true,"href":"https:\/\/www.icscyl.com\/mileon\/wp-json\/wp\/v2\/comments?post=6571"}],"version-history":[{"count":0,"href":"https:\/\/www.icscyl.com\/mileon\/wp-json\/wp\/v2\/posts\/6571\/revisions"}],"wp:attachment":[{"href":"https:\/\/www.icscyl.com\/mileon\/wp-json\/wp\/v2\/media?parent=6571"}],"wp:term":[{"taxonomy":"category","embeddable":true,"href":"https:\/\/www.icscyl.com\/mileon\/wp-json\/wp\/v2\/categories?post=6571"},{"taxonomy":"post_tag","embeddable":true,"href":"https:\/\/www.icscyl.com\/mileon\/wp-json\/wp\/v2\/tags?post=6571"}],"curies":[{"name":"wp","href":"https:\/\/api.w.org\/{rel}","templated":true}]}}