{"id":6523,"date":"2013-09-03T16:37:36","date_gmt":"2013-09-03T15:37:36","guid":{"rendered":"http:\/\/mileon.wordpress.com\/?p=6523"},"modified":"2013-09-03T16:37:36","modified_gmt":"2013-09-03T15:37:36","slug":"sesion-clinica-semana-35-sindrome-de-turner","status":"publish","type":"post","link":"https:\/\/www.icscyl.com\/mileon\/sesiones-clinicas\/2013-09-03\/sesion-clinica-semana-35-sindrome-de-turner\/","title":{"rendered":"Sesi\u00f3n cl\u00ednica (semana 35): S\u00edndrome de Turner"},"content":{"rendered":"<p><a href=\"https:\/\/mileon.files.wordpress.com\/2013\/09\/sindrome-de-turner.jpg\"><img loading=\"lazy\" decoding=\"async\" class=\"alignright  wp-image-6531\" alt=\"sindrome-de-turner\" src=\"https:\/\/mileon.files.wordpress.com\/2013\/09\/sindrome-de-turner.jpg\" width=\"196\" height=\"110\" \/><\/a>El caso de la semana pasada trataba sobre una paciente que acud\u00eda a consulta por un cuadro general, presentando un fenotipo caracter\u00edstico, junto con quistes en diferentes localizaciones (mandibular, mamario y abdominal). El diagn\u00f3stico diferencial fue realizado por la Dra. Magaz, cuya presentaci\u00f3n se puede descargar en el siguiente\u00a0<span style=\"color:#0000ff;\"><a href=\"https:\/\/docs.google.com\/file\/d\/0BxXYCqMXR4ZaR3BpSVg4b3VuRzQ\/edit?usp=sharing\"><span style=\"color:#0000ff;\">enlace<\/span><\/a><\/span>.<\/p>\n<p>A continuaci\u00f3n, el Dr. Calder\u00f3n, jefe de secci\u00f3n, present\u00f3 la soluci\u00f3n al caso, un s\u00edndrome de Turner, e hizo un repaso sobre esta entidad, que se puede descargar en este\u00a0<span style=\"color:#0000ff;\"><a href=\"https:\/\/docs.google.com\/file\/d\/0BxXYCqMXR4ZaT01iM2ZabG5YcHM\/edit?usp=sharing\"><span style=\"color:#0000ff;\">enlace<\/span><\/a><\/span>. Se comentan en su presentaci\u00f3n algunos aspectos sobre los quistes que presentaba la paciente, que no presentan relaci\u00f3n con el s\u00edndrome de Turner, ni con otras patolog\u00edas asociadas, centr\u00e1ndose en una revisi\u00f3n publicada recientemente. En cuanto al cuadro general que motiv\u00f3 la consulta, por el momento se encuentra pendiente de estudios y evoluci\u00f3n.<\/p>\n","protected":false},"excerpt":{"rendered":"<p>El caso de la semana pasada trataba sobre una paciente que acud\u00eda a consulta por un cuadro general, presentando un fenotipo caracter\u00edstico, junto con quistes en diferentes localizaciones (mandibular, mamario y abdominal). El diagn\u00f3stico diferencial fue realizado por la Dra. Magaz, cuya presentaci\u00f3n se puede descargar en el siguiente\u00a0enlace. A continuaci\u00f3n, el Dr. Calder\u00f3n, jefe [&hellip;]<\/p>\n","protected":false},"author":4,"featured_media":0,"comment_status":"open","ping_status":"open","sticky":false,"template":"","format":"standard","meta":{"jetpack_post_was_ever_published":false,"_jetpack_newsletter_access":"","_jetpack_dont_email_post_to_subs":false,"_jetpack_newsletter_tier_id":0,"_jetpack_memberships_contains_paywalled_content":false,"_jetpack_memberships_contains_paid_content":false,"footnotes":"","jetpack_publicize_message":"","jetpack_publicize_feature_enabled":true,"jetpack_social_post_already_shared":false,"jetpack_social_options":{"image_generator_settings":{"template":"highway","default_image_id":0,"font":"","enabled":false},"version":2}},"categories":[723],"tags":[],"class_list":["post-6523","post","type-post","status-publish","format-standard","hentry","category-sesiones-clinicas"],"jetpack_publicize_connections":[],"jetpack_featured_media_url":"","jetpack_sharing_enabled":true,"post_mailing_queue_ids":[],"_links":{"self":[{"href":"https:\/\/www.icscyl.com\/mileon\/wp-json\/wp\/v2\/posts\/6523","targetHints":{"allow":["GET"]}}],"collection":[{"href":"https:\/\/www.icscyl.com\/mileon\/wp-json\/wp\/v2\/posts"}],"about":[{"href":"https:\/\/www.icscyl.com\/mileon\/wp-json\/wp\/v2\/types\/post"}],"author":[{"embeddable":true,"href":"https:\/\/www.icscyl.com\/mileon\/wp-json\/wp\/v2\/users\/4"}],"replies":[{"embeddable":true,"href":"https:\/\/www.icscyl.com\/mileon\/wp-json\/wp\/v2\/comments?post=6523"}],"version-history":[{"count":0,"href":"https:\/\/www.icscyl.com\/mileon\/wp-json\/wp\/v2\/posts\/6523\/revisions"}],"wp:attachment":[{"href":"https:\/\/www.icscyl.com\/mileon\/wp-json\/wp\/v2\/media?parent=6523"}],"wp:term":[{"taxonomy":"category","embeddable":true,"href":"https:\/\/www.icscyl.com\/mileon\/wp-json\/wp\/v2\/categories?post=6523"},{"taxonomy":"post_tag","embeddable":true,"href":"https:\/\/www.icscyl.com\/mileon\/wp-json\/wp\/v2\/tags?post=6523"}],"curies":[{"name":"wp","href":"https:\/\/api.w.org\/{rel}","templated":true}]}}