{"id":6473,"date":"2013-08-08T16:38:29","date_gmt":"2013-08-08T15:38:29","guid":{"rendered":"http:\/\/mileon.wordpress.com\/?p=6473"},"modified":"2013-08-08T16:38:29","modified_gmt":"2013-08-08T15:38:29","slug":"solucion-sesion-clinica-del-7-agosto-2013-poliangeitis-microscopica","status":"publish","type":"post","link":"https:\/\/www.icscyl.com\/mileon\/sesiones-clinicas\/2013-08-08\/solucion-sesion-clinica-del-7-agosto-2013-poliangeitis-microscopica\/","title":{"rendered":"Soluci\u00f3n sesi\u00f3n cl\u00ednica del 7 agosto 2013: poliangeitis microsc\u00f3pica."},"content":{"rendered":"<p style=\"text-align:justify;\"><a href=\"https:\/\/mileon.files.wordpress.com\/2013\/08\/imagen.jpg\"><img loading=\"lazy\" decoding=\"async\" class=\"alignright  wp-image-6465\" alt=\"imagen\" src=\"https:\/\/mileon.files.wordpress.com\/2013\/08\/imagen.jpg?w=300\" width=\"240\" height=\"210\" \/><\/a>Var\u00f3n de 75 a\u00f1os con antecedentes de diabetes e hipertensi\u00f3n arterial. Presenta un cuadro desde hace 4 meses de debilidad en extremidades inferiores, hemoptisis sin disnea, anemia macroc\u00edtica, insuficiencia renal severa con sedimento urinario patologico y patr\u00f3n alveolar en radiograf\u00eda de t\u00f3rax.<br \/>\nEl diagn\u00f3stico diferencial lo llev\u00f3 a cabo el Dr. Joaqu\u00edn Llorente Garc\u00eda (R3 MI). Y se puede descargar en el siguiente <span style=\"color:#0000ff;\"><strong><a href=\"https:\/\/docs.google.com\/file\/d\/0BxXYCqMXR4ZaemdnVlFObjBZdWs\/edit?usp=sharing\"><span style=\"color:#0000ff;\">enlace.<\/span><\/a><\/strong><\/span><br \/>\nEl Dr. Fernando Nistal de Paz (adjunto MI) facilit\u00f3\u00a0 la soluci\u00f3n. Los resultados, la evoluci\u00f3n y datos importantes de la enfermedad se pueden visualizar<strong>\u00a0<\/strong><a href=\"https:\/\/docs.google.com\/file\/d\/0BxXYCqMXR4ZaZF9mM3RPUE5WOW8\/edit?usp=sharing\"><span style=\"color:#0000ff;\"><strong>aqu\u00ed<\/strong><\/span>.<\/a><br \/>\nA la sesi\u00f3n acudi\u00f3 la Dra. Ar\u00e1nzaz\u00fa Sastre (adjunta Nefrolog\u00eda) quien coment\u00f3 aspectos relevantes de esta vasculitis y una casu\u00edstica propia de los a\u00f1os 2008-2010. Su presentaci\u00f3n se puede ver <span style=\"color:#0000ff;\"><strong><a href=\"https:\/\/docs.google.com\/file\/d\/0BxXYCqMXR4ZaZWJ4X2EzX3NvWkE\/edit?usp=sharing\"><span style=\"color:#0000ff;\">aqu\u00ed.<\/span><\/a><\/strong><\/span><\/p>\n","protected":false},"excerpt":{"rendered":"<p>Var\u00f3n de 75 a\u00f1os con antecedentes de diabetes e hipertensi\u00f3n arterial. Presenta un cuadro desde hace 4 meses de debilidad en extremidades inferiores, hemoptisis sin disnea, anemia macroc\u00edtica, insuficiencia renal severa con sedimento urinario patologico y patr\u00f3n alveolar en radiograf\u00eda de t\u00f3rax. El diagn\u00f3stico diferencial lo llev\u00f3 a cabo el Dr. Joaqu\u00edn Llorente Garc\u00eda (R3 [&hellip;]<\/p>\n","protected":false},"author":6,"featured_media":0,"comment_status":"open","ping_status":"open","sticky":false,"template":"","format":"standard","meta":{"jetpack_post_was_ever_published":false,"_jetpack_newsletter_access":"","_jetpack_dont_email_post_to_subs":false,"_jetpack_newsletter_tier_id":0,"_jetpack_memberships_contains_paywalled_content":false,"_jetpack_memberships_contains_paid_content":false,"footnotes":"","jetpack_publicize_message":"","jetpack_publicize_feature_enabled":true,"jetpack_social_post_already_shared":false,"jetpack_social_options":{"image_generator_settings":{"template":"highway","default_image_id":0,"font":"","enabled":false},"version":2}},"categories":[723],"tags":[958,1026],"class_list":["post-6473","post","type-post","status-publish","format-standard","hentry","category-sesiones-clinicas","tag-nistal","tag-sastre"],"jetpack_publicize_connections":[],"jetpack_featured_media_url":"","jetpack_sharing_enabled":true,"post_mailing_queue_ids":[],"_links":{"self":[{"href":"https:\/\/www.icscyl.com\/mileon\/wp-json\/wp\/v2\/posts\/6473","targetHints":{"allow":["GET"]}}],"collection":[{"href":"https:\/\/www.icscyl.com\/mileon\/wp-json\/wp\/v2\/posts"}],"about":[{"href":"https:\/\/www.icscyl.com\/mileon\/wp-json\/wp\/v2\/types\/post"}],"author":[{"embeddable":true,"href":"https:\/\/www.icscyl.com\/mileon\/wp-json\/wp\/v2\/users\/6"}],"replies":[{"embeddable":true,"href":"https:\/\/www.icscyl.com\/mileon\/wp-json\/wp\/v2\/comments?post=6473"}],"version-history":[{"count":0,"href":"https:\/\/www.icscyl.com\/mileon\/wp-json\/wp\/v2\/posts\/6473\/revisions"}],"wp:attachment":[{"href":"https:\/\/www.icscyl.com\/mileon\/wp-json\/wp\/v2\/media?parent=6473"}],"wp:term":[{"taxonomy":"category","embeddable":true,"href":"https:\/\/www.icscyl.com\/mileon\/wp-json\/wp\/v2\/categories?post=6473"},{"taxonomy":"post_tag","embeddable":true,"href":"https:\/\/www.icscyl.com\/mileon\/wp-json\/wp\/v2\/tags?post=6473"}],"curies":[{"name":"wp","href":"https:\/\/api.w.org\/{rel}","templated":true}]}}