{"id":6406,"date":"2013-07-16T16:34:13","date_gmt":"2013-07-16T15:34:13","guid":{"rendered":"http:\/\/mileon.wordpress.com\/?p=6406"},"modified":"2013-07-16T16:34:13","modified_gmt":"2013-07-16T15:34:13","slug":"balance-hidrico-sueroterapia","status":"publish","type":"post","link":"https:\/\/www.icscyl.com\/mileon\/residentes\/2013-07-16\/balance-hidrico-sueroterapia\/","title":{"rendered":"Balance h\u00eddrico. Sueroterap\u00eda."},"content":{"rendered":"<p style=\"text-align:justify;\"><a href=\"https:\/\/mileon.files.wordpress.com\/2013\/07\/images.jpeg\"><img loading=\"lazy\" decoding=\"async\" class=\"alignright size-full wp-image-6407\" alt=\"images\" src=\"https:\/\/mileon.files.wordpress.com\/2013\/07\/images.jpeg\" width=\"208\" height=\"156\" \/><\/a>El 15 de julio de 2013 la Dra. Silvia \u00c1vila Fuentes (R1 UCI) nos explic\u00f3 la importancia del balance h\u00eddrico, sus mecanismos reguladores y el manejo de los distintos sueros en cada circunstancia, partiendo del c\u00e1lculo de las necesidades, p\u00e9rdidas y patolog\u00edas asociadas, para evitar la sobrecarga de volumen.<\/p>\n<p style=\"text-align:justify;\">Su presentaci\u00f3n se puede visualizar en el siguiente\u00a0<strong><span style=\"color:#0000ff;\"><a href=\"https:\/\/docs.google.com\/file\/d\/0BxXYCqMXR4ZaNnUwTEswTTFsY28\/edit?usp=sharing\"><span style=\"color:#0000ff;\">enlace.<\/span><\/a><\/span><\/strong><\/p>\n","protected":false},"excerpt":{"rendered":"<p>El 15 de julio de 2013 la Dra. Silvia \u00c1vila Fuentes (R1 UCI) nos explic\u00f3 la importancia del balance h\u00eddrico, sus mecanismos reguladores y el manejo de los distintos sueros en cada circunstancia, partiendo del c\u00e1lculo de las necesidades, p\u00e9rdidas y patolog\u00edas asociadas, para evitar la sobrecarga de volumen. Su presentaci\u00f3n se puede visualizar en [&hellip;]<\/p>\n","protected":false},"author":6,"featured_media":0,"comment_status":"open","ping_status":"open","sticky":false,"template":"","format":"standard","meta":{"jetpack_post_was_ever_published":false,"_jetpack_newsletter_access":"","_jetpack_dont_email_post_to_subs":false,"_jetpack_newsletter_tier_id":0,"_jetpack_memberships_contains_paywalled_content":false,"_jetpack_memberships_contains_paid_content":false,"footnotes":"","jetpack_publicize_message":"","jetpack_publicize_feature_enabled":true,"jetpack_social_post_already_shared":false,"jetpack_social_options":{"image_generator_settings":{"template":"highway","default_image_id":0,"font":"","enabled":false},"version":2}},"categories":[721],"tags":[761],"class_list":["post-6406","post","type-post","status-publish","format-standard","hentry","category-residentes","tag-avila"],"jetpack_publicize_connections":[],"jetpack_featured_media_url":"","jetpack_sharing_enabled":true,"post_mailing_queue_ids":[],"_links":{"self":[{"href":"https:\/\/www.icscyl.com\/mileon\/wp-json\/wp\/v2\/posts\/6406","targetHints":{"allow":["GET"]}}],"collection":[{"href":"https:\/\/www.icscyl.com\/mileon\/wp-json\/wp\/v2\/posts"}],"about":[{"href":"https:\/\/www.icscyl.com\/mileon\/wp-json\/wp\/v2\/types\/post"}],"author":[{"embeddable":true,"href":"https:\/\/www.icscyl.com\/mileon\/wp-json\/wp\/v2\/users\/6"}],"replies":[{"embeddable":true,"href":"https:\/\/www.icscyl.com\/mileon\/wp-json\/wp\/v2\/comments?post=6406"}],"version-history":[{"count":0,"href":"https:\/\/www.icscyl.com\/mileon\/wp-json\/wp\/v2\/posts\/6406\/revisions"}],"wp:attachment":[{"href":"https:\/\/www.icscyl.com\/mileon\/wp-json\/wp\/v2\/media?parent=6406"}],"wp:term":[{"taxonomy":"category","embeddable":true,"href":"https:\/\/www.icscyl.com\/mileon\/wp-json\/wp\/v2\/categories?post=6406"},{"taxonomy":"post_tag","embeddable":true,"href":"https:\/\/www.icscyl.com\/mileon\/wp-json\/wp\/v2\/tags?post=6406"}],"curies":[{"name":"wp","href":"https:\/\/api.w.org\/{rel}","templated":true}]}}