{"id":6383,"date":"2013-07-14T07:15:00","date_gmt":"2013-07-14T06:15:00","guid":{"rendered":"http:\/\/mileon.wordpress.com\/?p=6383"},"modified":"2013-07-14T07:15:00","modified_gmt":"2013-07-14T06:15:00","slug":"eritema-nodoso","status":"publish","type":"post","link":"https:\/\/www.icscyl.com\/mileon\/residentes\/2013-07-14\/eritema-nodoso\/","title":{"rendered":"Eritema nodoso"},"content":{"rendered":"<p><a href=\"https:\/\/mileon.files.wordpress.com\/2013\/07\/cap2-53a.jpg\"><img loading=\"lazy\" decoding=\"async\" class=\"alignright  wp-image-6397\" alt=\"cap2-53a\" src=\"https:\/\/mileon.files.wordpress.com\/2013\/07\/cap2-53a.jpg\" width=\"131\" height=\"190\" \/><\/a>La sesi\u00f3n de residentes rotando por San Isidro del pasado martes fue presentada por la Dra. Su\u00e1rez Valladares, R1 de Dermatolog\u00eda, que coment\u00f3 el eritema nodoso, su etiopatogen\u00eda, forma de presentaci\u00f3n, asociacion con otras entidades y su tratamiento.<\/p>\n<p>Su presentaci\u00f3n est\u00e1 disponible haciendo\u00a0<span style=\"color:#0000ff;\"><a href=\"https:\/\/docs.google.com\/file\/d\/0BxXYCqMXR4ZaOGp2eWJ6RFZmcGc\/edit?usp=sharing\"><span style=\"color:#0000ff;\">click aqui.<\/span><\/a><\/span><\/p>\n","protected":false},"excerpt":{"rendered":"<p>La sesi\u00f3n de residentes rotando por San Isidro del pasado martes fue presentada por la Dra. Su\u00e1rez Valladares, R1 de Dermatolog\u00eda, que coment\u00f3 el eritema nodoso, su etiopatogen\u00eda, forma de presentaci\u00f3n, asociacion con otras entidades y su tratamiento. Su presentaci\u00f3n est\u00e1 disponible haciendo\u00a0click aqui.<\/p>\n","protected":false},"author":4,"featured_media":0,"comment_status":"open","ping_status":"open","sticky":false,"template":"","format":"standard","meta":{"jetpack_post_was_ever_published":false,"_jetpack_newsletter_access":"","_jetpack_dont_email_post_to_subs":false,"_jetpack_newsletter_tier_id":0,"_jetpack_memberships_contains_paywalled_content":false,"_jetpack_memberships_contains_paid_content":false,"footnotes":"","jetpack_publicize_message":"","jetpack_publicize_feature_enabled":true,"jetpack_social_post_already_shared":false,"jetpack_social_options":{"image_generator_settings":{"template":"highway","default_image_id":0,"font":"","enabled":false},"version":2}},"categories":[721],"tags":[],"class_list":["post-6383","post","type-post","status-publish","format-standard","hentry","category-residentes"],"jetpack_publicize_connections":[],"jetpack_featured_media_url":"","jetpack_sharing_enabled":true,"post_mailing_queue_ids":[],"_links":{"self":[{"href":"https:\/\/www.icscyl.com\/mileon\/wp-json\/wp\/v2\/posts\/6383","targetHints":{"allow":["GET"]}}],"collection":[{"href":"https:\/\/www.icscyl.com\/mileon\/wp-json\/wp\/v2\/posts"}],"about":[{"href":"https:\/\/www.icscyl.com\/mileon\/wp-json\/wp\/v2\/types\/post"}],"author":[{"embeddable":true,"href":"https:\/\/www.icscyl.com\/mileon\/wp-json\/wp\/v2\/users\/4"}],"replies":[{"embeddable":true,"href":"https:\/\/www.icscyl.com\/mileon\/wp-json\/wp\/v2\/comments?post=6383"}],"version-history":[{"count":0,"href":"https:\/\/www.icscyl.com\/mileon\/wp-json\/wp\/v2\/posts\/6383\/revisions"}],"wp:attachment":[{"href":"https:\/\/www.icscyl.com\/mileon\/wp-json\/wp\/v2\/media?parent=6383"}],"wp:term":[{"taxonomy":"category","embeddable":true,"href":"https:\/\/www.icscyl.com\/mileon\/wp-json\/wp\/v2\/categories?post=6383"},{"taxonomy":"post_tag","embeddable":true,"href":"https:\/\/www.icscyl.com\/mileon\/wp-json\/wp\/v2\/tags?post=6383"}],"curies":[{"name":"wp","href":"https:\/\/api.w.org\/{rel}","templated":true}]}}