{"id":6376,"date":"2013-07-09T19:27:01","date_gmt":"2013-07-09T18:27:01","guid":{"rendered":"http:\/\/mileon.wordpress.com\/?p=6376"},"modified":"2013-07-09T19:27:01","modified_gmt":"2013-07-09T18:27:01","slug":"rabia","status":"publish","type":"post","link":"https:\/\/www.icscyl.com\/mileon\/maitines\/2013-07-09\/rabia\/","title":{"rendered":"Rabia"},"content":{"rendered":"<p style=\"text-align:justify;\"><a href=\"https:\/\/mileon.files.wordpress.com\/2013\/07\/imagen1.png\"><img loading=\"lazy\" decoding=\"async\" class=\"alignright size-medium wp-image-6377\" alt=\"Imagen1\" src=\"https:\/\/mileon.files.wordpress.com\/2013\/07\/imagen1.png?w=300\" width=\"188\" height=\"121\" \/><\/a>La Dra. Silvia Garc\u00eda, R4 del S\u00ba de M. Interna, present\u00f3 en la Sesi\u00f3n de Maitines de hoy una revisi\u00f3n sobre la enfermedad de la rabia. Utilizando como gu\u00eda un caso cl\u00ednico publicado recientemente en el <em>NEJM<\/em>, repasa las caracter\u00edsticas de esta enfermedad, su epidemiolog\u00eda, presentaci\u00f3n cl\u00ednica y opciones (pocas) de tratamiento.<\/p>\n<p>Descargar presentaci\u00f3n completa <em><strong><span style=\"color:#008000;\"><a href=\"https:\/\/docs.google.com\/file\/d\/0BxXYCqMXR4ZaVlllQ0Qya2JwQjQ\/edit?usp=sharing\"><span style=\"color:#008000;\">AQU\u00cd<\/span><\/a><\/span><\/strong><\/em><\/p>\n","protected":false},"excerpt":{"rendered":"<p>La Dra. Silvia Garc\u00eda, R4 del S\u00ba de M. Interna, present\u00f3 en la Sesi\u00f3n de Maitines de hoy una revisi\u00f3n sobre la enfermedad de la rabia. Utilizando como gu\u00eda un caso cl\u00ednico publicado recientemente en el NEJM, repasa las caracter\u00edsticas de esta enfermedad, su epidemiolog\u00eda, presentaci\u00f3n cl\u00ednica y opciones (pocas) de tratamiento. Descargar presentaci\u00f3n completa [&hellip;]<\/p>\n","protected":false},"author":5,"featured_media":0,"comment_status":"open","ping_status":"open","sticky":false,"template":"","format":"standard","meta":{"jetpack_post_was_ever_published":false,"_jetpack_newsletter_access":"","_jetpack_dont_email_post_to_subs":false,"_jetpack_newsletter_tier_id":0,"_jetpack_memberships_contains_paywalled_content":false,"_jetpack_memberships_contains_paid_content":false,"footnotes":"","jetpack_publicize_message":"","jetpack_publicize_feature_enabled":true,"jetpack_social_post_already_shared":false,"jetpack_social_options":{"image_generator_settings":{"template":"highway","default_image_id":0,"font":"","enabled":false},"version":2}},"categories":[715],"tags":[],"class_list":["post-6376","post","type-post","status-publish","format-standard","hentry","category-maitines"],"jetpack_publicize_connections":[],"jetpack_featured_media_url":"","jetpack_sharing_enabled":true,"post_mailing_queue_ids":[],"_links":{"self":[{"href":"https:\/\/www.icscyl.com\/mileon\/wp-json\/wp\/v2\/posts\/6376","targetHints":{"allow":["GET"]}}],"collection":[{"href":"https:\/\/www.icscyl.com\/mileon\/wp-json\/wp\/v2\/posts"}],"about":[{"href":"https:\/\/www.icscyl.com\/mileon\/wp-json\/wp\/v2\/types\/post"}],"author":[{"embeddable":true,"href":"https:\/\/www.icscyl.com\/mileon\/wp-json\/wp\/v2\/users\/5"}],"replies":[{"embeddable":true,"href":"https:\/\/www.icscyl.com\/mileon\/wp-json\/wp\/v2\/comments?post=6376"}],"version-history":[{"count":0,"href":"https:\/\/www.icscyl.com\/mileon\/wp-json\/wp\/v2\/posts\/6376\/revisions"}],"wp:attachment":[{"href":"https:\/\/www.icscyl.com\/mileon\/wp-json\/wp\/v2\/media?parent=6376"}],"wp:term":[{"taxonomy":"category","embeddable":true,"href":"https:\/\/www.icscyl.com\/mileon\/wp-json\/wp\/v2\/categories?post=6376"},{"taxonomy":"post_tag","embeddable":true,"href":"https:\/\/www.icscyl.com\/mileon\/wp-json\/wp\/v2\/tags?post=6376"}],"curies":[{"name":"wp","href":"https:\/\/api.w.org\/{rel}","templated":true}]}}