{"id":6336,"date":"2013-06-26T21:31:19","date_gmt":"2013-06-26T20:31:19","guid":{"rendered":"http:\/\/mileon.wordpress.com\/?p=6336"},"modified":"2013-06-26T21:31:19","modified_gmt":"2013-06-26T20:31:19","slug":"entrevista-en-la-cadena-ser","status":"publish","type":"post","link":"https:\/\/www.icscyl.com\/mileon\/noticias\/2013-06-26\/entrevista-en-la-cadena-ser\/","title":{"rendered":"Entrevista en la cadena SER"},"content":{"rendered":"<p><a href=\"https:\/\/mileon.files.wordpress.com\/2013\/06\/cadena-ser.gif\"><img loading=\"lazy\" decoding=\"async\" class=\"alignright  wp-image-6337\" alt=\"cadena-ser\" src=\"https:\/\/mileon.files.wordpress.com\/2013\/06\/cadena-ser.gif\" width=\"140\" height=\"89\" \/><\/a>En el programa \u00abHoy por hoy\u00bb de la cadena SER de Le\u00f3n, todos los martes, Ricardo Chao y Chechu G\u00f3mez presentan la seccion \u00abEl v\u00ednculo leones\u00bb, donde se presentan diferentes p\u00e1ginas web o blogs sobre temas relacionados con Le\u00f3n, o bien realizados por personas de esta tierra.<\/p>\n<p>Hace unos d\u00edas Ricardo se interes\u00f3 por nuestro blog y el pasado martes me realiz\u00f3 una breve entrevista, cuyo enlace os dejo colgado\u00a0<span style=\"color:#0000ff;\"><a href=\"http:\/\/corazonleon.blogspot.com.es\/2013\/06\/el-vinculo-leones-cxlvii-servicio-de.html\"><span style=\"color:#0000ff;\">aqu\u00ed.<\/span><\/a>\u00a0<\/span>Tambi\u00e9n ten\u00e9is disponble un breve resumen de la entrevista escrito por el propio Ricardo en su blog, en el siguiente\u00a0<span style=\"color:#0000ff;\"><a href=\"http:\/\/corazonleon.blogspot.com.es\/2013\/06\/el-vinculo-leones-cxlvii-servicio-de.html\"><span style=\"color:#0000ff;\">enlace.<\/span><\/a><\/span><span style=\"color:#0000ff;\"><span style=\"color:#0000ff;\">\u00a0<\/span><\/span>Gracias a ellos y todo su equipo por su trabajo en la difusi\u00f3n de contenidos de internet y por haberse acordado de nosotros para el cierre de temporada.<\/p>\n","protected":false},"excerpt":{"rendered":"<p>En el programa \u00abHoy por hoy\u00bb de la cadena SER de Le\u00f3n, todos los martes, Ricardo Chao y Chechu G\u00f3mez presentan la seccion \u00abEl v\u00ednculo leones\u00bb, donde se presentan diferentes p\u00e1ginas web o blogs sobre temas relacionados con Le\u00f3n, o bien realizados por personas de esta tierra. Hace unos d\u00edas Ricardo se interes\u00f3 por nuestro [&hellip;]<\/p>\n","protected":false},"author":4,"featured_media":0,"comment_status":"open","ping_status":"open","sticky":false,"template":"","format":"standard","meta":{"jetpack_post_was_ever_published":false,"_jetpack_newsletter_access":"","_jetpack_dont_email_post_to_subs":false,"_jetpack_newsletter_tier_id":0,"_jetpack_memberships_contains_paywalled_content":false,"_jetpack_memberships_contains_paid_content":false,"footnotes":"","jetpack_publicize_message":"","jetpack_publicize_feature_enabled":true,"jetpack_social_post_already_shared":false,"jetpack_social_options":{"image_generator_settings":{"template":"highway","default_image_id":0,"font":"","enabled":false},"version":2}},"categories":[717],"tags":[],"class_list":["post-6336","post","type-post","status-publish","format-standard","hentry","category-noticias"],"jetpack_publicize_connections":[],"jetpack_featured_media_url":"","jetpack_sharing_enabled":true,"post_mailing_queue_ids":[],"_links":{"self":[{"href":"https:\/\/www.icscyl.com\/mileon\/wp-json\/wp\/v2\/posts\/6336","targetHints":{"allow":["GET"]}}],"collection":[{"href":"https:\/\/www.icscyl.com\/mileon\/wp-json\/wp\/v2\/posts"}],"about":[{"href":"https:\/\/www.icscyl.com\/mileon\/wp-json\/wp\/v2\/types\/post"}],"author":[{"embeddable":true,"href":"https:\/\/www.icscyl.com\/mileon\/wp-json\/wp\/v2\/users\/4"}],"replies":[{"embeddable":true,"href":"https:\/\/www.icscyl.com\/mileon\/wp-json\/wp\/v2\/comments?post=6336"}],"version-history":[{"count":0,"href":"https:\/\/www.icscyl.com\/mileon\/wp-json\/wp\/v2\/posts\/6336\/revisions"}],"wp:attachment":[{"href":"https:\/\/www.icscyl.com\/mileon\/wp-json\/wp\/v2\/media?parent=6336"}],"wp:term":[{"taxonomy":"category","embeddable":true,"href":"https:\/\/www.icscyl.com\/mileon\/wp-json\/wp\/v2\/categories?post=6336"},{"taxonomy":"post_tag","embeddable":true,"href":"https:\/\/www.icscyl.com\/mileon\/wp-json\/wp\/v2\/tags?post=6336"}],"curies":[{"name":"wp","href":"https:\/\/api.w.org\/{rel}","templated":true}]}}