{"id":5451,"date":"2012-11-19T20:10:47","date_gmt":"2012-11-19T19:10:47","guid":{"rendered":"http:\/\/mileon.wordpress.com\/?p=5451"},"modified":"2012-11-19T20:10:47","modified_gmt":"2012-11-19T19:10:47","slug":"conceptos-basicos-en-ventilacion-mecanica","status":"publish","type":"post","link":"https:\/\/www.icscyl.com\/mileon\/sesiones-bibliograficas\/2012-11-19\/conceptos-basicos-en-ventilacion-mecanica\/","title":{"rendered":"Conceptos b\u00e1sicos en ventilaci\u00f3n mec\u00e1nica."},"content":{"rendered":"<p><img loading=\"lazy\" decoding=\"async\" class=\"alignright size-thumbnail wp-image-5452\" title=\"Sin t\u00edtulo\" alt=\"\" src=\"https:\/\/mileon.files.wordpress.com\/2012\/11\/sin-tc3adtulo1.jpg?w=105\" height=\"150\" width=\"105\" \/><\/p>\n<p style=\"text-align:justify;\">El d\u00eda 19 de noviembre de 2012 la Dra. Silvia Garc\u00eda Mart\u00ednez (R3 MI) habl\u00f3 en la sesi\u00f3n bibliogr\u00e1fica de residentes sobre la ventilaci\u00f3n mec\u00e1nica. Repasa conceptos, indicaciones, modalidades, variables, par\u00e1metros y complicaciones de este procedimiento terap\u00e9utico que nos es ajeno a nuestra pr\u00e1ctica cotidiana pero del que debemos conocer unas nociones b\u00e1sicas.<\/p>\n<p style=\"text-align:justify;\">Se puede descargar la presentaci\u00f3n en el siguiente<span style=\"color:#0000ff;\">\u00a0<a href=\"https:\/\/docs.google.com\/open?id=0BxXYCqMXR4ZaRUszY0htaU5JVHM\"><span style=\"color:#0000ff;\">enlace.<\/span><\/a><\/span><\/p>\n","protected":false},"excerpt":{"rendered":"<p>El d\u00eda 19 de noviembre de 2012 la Dra. Silvia Garc\u00eda Mart\u00ednez (R3 MI) habl\u00f3 en la sesi\u00f3n bibliogr\u00e1fica de residentes sobre la ventilaci\u00f3n mec\u00e1nica. Repasa conceptos, indicaciones, modalidades, variables, par\u00e1metros y complicaciones de este procedimiento terap\u00e9utico que nos es ajeno a nuestra pr\u00e1ctica cotidiana pero del que debemos conocer unas nociones b\u00e1sicas. Se puede [&hellip;]<\/p>\n","protected":false},"author":6,"featured_media":0,"comment_status":"open","ping_status":"open","sticky":false,"template":"","format":"standard","meta":{"jetpack_post_was_ever_published":false,"_jetpack_newsletter_access":"","_jetpack_dont_email_post_to_subs":false,"_jetpack_newsletter_tier_id":0,"_jetpack_memberships_contains_paywalled_content":false,"_jetpack_memberships_contains_paid_content":false,"footnotes":"","jetpack_publicize_message":"","jetpack_publicize_feature_enabled":true,"jetpack_social_post_already_shared":false,"jetpack_social_options":{"image_generator_settings":{"template":"highway","default_image_id":0,"font":"","enabled":false},"version":2}},"categories":[722],"tags":[],"class_list":["post-5451","post","type-post","status-publish","format-standard","hentry","category-sesiones-bibliograficas"],"jetpack_publicize_connections":[],"jetpack_featured_media_url":"","jetpack_sharing_enabled":true,"post_mailing_queue_ids":[],"_links":{"self":[{"href":"https:\/\/www.icscyl.com\/mileon\/wp-json\/wp\/v2\/posts\/5451","targetHints":{"allow":["GET"]}}],"collection":[{"href":"https:\/\/www.icscyl.com\/mileon\/wp-json\/wp\/v2\/posts"}],"about":[{"href":"https:\/\/www.icscyl.com\/mileon\/wp-json\/wp\/v2\/types\/post"}],"author":[{"embeddable":true,"href":"https:\/\/www.icscyl.com\/mileon\/wp-json\/wp\/v2\/users\/6"}],"replies":[{"embeddable":true,"href":"https:\/\/www.icscyl.com\/mileon\/wp-json\/wp\/v2\/comments?post=5451"}],"version-history":[{"count":0,"href":"https:\/\/www.icscyl.com\/mileon\/wp-json\/wp\/v2\/posts\/5451\/revisions"}],"wp:attachment":[{"href":"https:\/\/www.icscyl.com\/mileon\/wp-json\/wp\/v2\/media?parent=5451"}],"wp:term":[{"taxonomy":"category","embeddable":true,"href":"https:\/\/www.icscyl.com\/mileon\/wp-json\/wp\/v2\/categories?post=5451"},{"taxonomy":"post_tag","embeddable":true,"href":"https:\/\/www.icscyl.com\/mileon\/wp-json\/wp\/v2\/tags?post=5451"}],"curies":[{"name":"wp","href":"https:\/\/api.w.org\/{rel}","templated":true}]}}