{"id":5433,"date":"2012-11-14T19:43:12","date_gmt":"2012-11-14T18:43:12","guid":{"rendered":"http:\/\/mileon.wordpress.com\/?p=5433"},"modified":"2012-11-14T19:43:12","modified_gmt":"2012-11-14T18:43:12","slug":"manejo-de-la-diabetes-en-el-anciano","status":"publish","type":"post","link":"https:\/\/www.icscyl.com\/mileon\/otras-presentaciones\/2012-11-14\/manejo-de-la-diabetes-en-el-anciano\/","title":{"rendered":"Manejo de la diabetes en el anciano."},"content":{"rendered":"<p style=\"text-align:justify;\"><a href=\"https:\/\/mileon.files.wordpress.com\/2012\/11\/ancianos.jpg\"><img loading=\"lazy\" decoding=\"async\" class=\"alignright  wp-image-5434\" title=\"ancianos\" src=\"https:\/\/mileon.files.wordpress.com\/2012\/11\/ancianos.jpg\" alt=\"\" width=\"137\" height=\"116\" \/><\/a>La Dra. Esther Fern\u00e1ndez present\u00f3 el pasado martes 13 de Noviembre los aspectos m\u00e1s destacados de un art\u00edculo de consenso publicado recientemente sobre este tema. A destacar la necesidad de un abordaje integral del problema, la necesidad de individualizar los tratamiento y tambi\u00e9n los objetivos seg\u00fan las condiciones de cada paciente y la importancia de las comorbilidades. Se describen tambi\u00e9n las opciones terap\u00e9uticas actuales y las indicaciones de cada grupo de f\u00e1rmacos.<\/p>\n<p style=\"text-align:justify;\">Descargar presentaci\u00f3n completa <span style=\"color:#008000;\"><a href=\"https:\/\/docs.google.com\/open?id=0BxXYCqMXR4Zab0lDbjh0Q3kxckk\"><span style=\"color:#008000;\">pinchando aqu\u00ed<\/span><\/a><\/span><\/p>\n","protected":false},"excerpt":{"rendered":"<p>La Dra. Esther Fern\u00e1ndez present\u00f3 el pasado martes 13 de Noviembre los aspectos m\u00e1s destacados de un art\u00edculo de consenso publicado recientemente sobre este tema. A destacar la necesidad de un abordaje integral del problema, la necesidad de individualizar los tratamiento y tambi\u00e9n los objetivos seg\u00fan las condiciones de cada paciente y la importancia de [&hellip;]<\/p>\n","protected":false},"author":5,"featured_media":0,"comment_status":"open","ping_status":"open","sticky":false,"template":"","format":"standard","meta":{"jetpack_post_was_ever_published":false,"_jetpack_newsletter_access":"","_jetpack_dont_email_post_to_subs":false,"_jetpack_newsletter_tier_id":0,"_jetpack_memberships_contains_paywalled_content":false,"_jetpack_memberships_contains_paid_content":false,"footnotes":"","jetpack_publicize_message":"","jetpack_publicize_feature_enabled":true,"jetpack_social_post_already_shared":false,"jetpack_social_options":{"image_generator_settings":{"template":"highway","default_image_id":0,"font":"","enabled":false},"version":2}},"categories":[719],"tags":[840],"class_list":["post-5433","post","type-post","status-publish","format-standard","hentry","category-otras-presentaciones","tag-esther-fernandez"],"jetpack_publicize_connections":[],"jetpack_featured_media_url":"","jetpack_sharing_enabled":true,"post_mailing_queue_ids":[],"_links":{"self":[{"href":"https:\/\/www.icscyl.com\/mileon\/wp-json\/wp\/v2\/posts\/5433","targetHints":{"allow":["GET"]}}],"collection":[{"href":"https:\/\/www.icscyl.com\/mileon\/wp-json\/wp\/v2\/posts"}],"about":[{"href":"https:\/\/www.icscyl.com\/mileon\/wp-json\/wp\/v2\/types\/post"}],"author":[{"embeddable":true,"href":"https:\/\/www.icscyl.com\/mileon\/wp-json\/wp\/v2\/users\/5"}],"replies":[{"embeddable":true,"href":"https:\/\/www.icscyl.com\/mileon\/wp-json\/wp\/v2\/comments?post=5433"}],"version-history":[{"count":0,"href":"https:\/\/www.icscyl.com\/mileon\/wp-json\/wp\/v2\/posts\/5433\/revisions"}],"wp:attachment":[{"href":"https:\/\/www.icscyl.com\/mileon\/wp-json\/wp\/v2\/media?parent=5433"}],"wp:term":[{"taxonomy":"category","embeddable":true,"href":"https:\/\/www.icscyl.com\/mileon\/wp-json\/wp\/v2\/categories?post=5433"},{"taxonomy":"post_tag","embeddable":true,"href":"https:\/\/www.icscyl.com\/mileon\/wp-json\/wp\/v2\/tags?post=5433"}],"curies":[{"name":"wp","href":"https:\/\/api.w.org\/{rel}","templated":true}]}}