{"id":5315,"date":"2012-10-18T20:58:36","date_gmt":"2012-10-18T19:58:36","guid":{"rendered":"http:\/\/mileon.wordpress.com\/?p=5315"},"modified":"2012-10-18T20:58:36","modified_gmt":"2012-10-18T19:58:36","slug":"enfermedad-de-guillain-barre","status":"publish","type":"post","link":"https:\/\/www.icscyl.com\/mileon\/residentes\/2012-10-18\/enfermedad-de-guillain-barre\/","title":{"rendered":"S\u00edndrome de Guillain-Barr\u00e9"},"content":{"rendered":"<p><a href=\"https:\/\/mileon.files.wordpress.com\/2012\/10\/gbarre21.jpg\"><img loading=\"lazy\" decoding=\"async\" class=\"alignright  wp-image-5318\" title=\"GBarre2\" alt=\"\" src=\"https:\/\/mileon.files.wordpress.com\/2012\/10\/gbarre21.jpg\" height=\"112\" width=\"162\" \/><\/a>El pasado martes, la dra. Gonz\u00e1lez Nafria, R1 de Neurolog\u00eda, present\u00f3 una revisi\u00f3n sobre el s\u00edndrome de Guillain-Barre, una urgencia neurol\u00f3gica m\u00e1s frecuente de lo que se piensa y con un pron\u00f3stico funcional tambi\u00e9n peor de lo que se pensaba. Su presentaci\u00f3n la pod\u00e9is descargar en el siguiente <span style=\"color:#0000ff;\"><a href=\"https:\/\/docs.google.com\/open?id=0BxXYCqMXR4ZaSk9renFmZkFHUWM\"><span style=\"color:#0000ff;\">enlace<\/span><\/a>.<\/span><br \/>\nHace unos d\u00edas se public\u00f3 en el blog otra revisi\u00f3n sobre esta entidad de la dra. Saray Rodr\u00edguez, R3 de de nuestro servicio, que tambi\u00e9n ten\u00e9is disponible.<\/p>\n","protected":false},"excerpt":{"rendered":"<p>El pasado martes, la dra. Gonz\u00e1lez Nafria, R1 de Neurolog\u00eda, present\u00f3 una revisi\u00f3n sobre el s\u00edndrome de Guillain-Barre, una urgencia neurol\u00f3gica m\u00e1s frecuente de lo que se piensa y con un pron\u00f3stico funcional tambi\u00e9n peor de lo que se pensaba. Su presentaci\u00f3n la pod\u00e9is descargar en el siguiente enlace. Hace unos d\u00edas se public\u00f3 en [&hellip;]<\/p>\n","protected":false},"author":4,"featured_media":0,"comment_status":"open","ping_status":"open","sticky":false,"template":"","format":"standard","meta":{"jetpack_post_was_ever_published":false,"_jetpack_newsletter_access":"","_jetpack_dont_email_post_to_subs":false,"_jetpack_newsletter_tier_id":0,"_jetpack_memberships_contains_paywalled_content":false,"_jetpack_memberships_contains_paid_content":false,"footnotes":"","jetpack_publicize_message":"","jetpack_publicize_feature_enabled":true,"jetpack_social_post_already_shared":false,"jetpack_social_options":{"image_generator_settings":{"template":"highway","default_image_id":0,"font":"","enabled":false},"version":2}},"categories":[721],"tags":[948],"class_list":["post-5315","post","type-post","status-publish","format-standard","hentry","category-residentes","tag-nafria"],"jetpack_publicize_connections":[],"jetpack_featured_media_url":"","jetpack_sharing_enabled":true,"post_mailing_queue_ids":[],"_links":{"self":[{"href":"https:\/\/www.icscyl.com\/mileon\/wp-json\/wp\/v2\/posts\/5315","targetHints":{"allow":["GET"]}}],"collection":[{"href":"https:\/\/www.icscyl.com\/mileon\/wp-json\/wp\/v2\/posts"}],"about":[{"href":"https:\/\/www.icscyl.com\/mileon\/wp-json\/wp\/v2\/types\/post"}],"author":[{"embeddable":true,"href":"https:\/\/www.icscyl.com\/mileon\/wp-json\/wp\/v2\/users\/4"}],"replies":[{"embeddable":true,"href":"https:\/\/www.icscyl.com\/mileon\/wp-json\/wp\/v2\/comments?post=5315"}],"version-history":[{"count":0,"href":"https:\/\/www.icscyl.com\/mileon\/wp-json\/wp\/v2\/posts\/5315\/revisions"}],"wp:attachment":[{"href":"https:\/\/www.icscyl.com\/mileon\/wp-json\/wp\/v2\/media?parent=5315"}],"wp:term":[{"taxonomy":"category","embeddable":true,"href":"https:\/\/www.icscyl.com\/mileon\/wp-json\/wp\/v2\/categories?post=5315"},{"taxonomy":"post_tag","embeddable":true,"href":"https:\/\/www.icscyl.com\/mileon\/wp-json\/wp\/v2\/tags?post=5315"}],"curies":[{"name":"wp","href":"https:\/\/api.w.org\/{rel}","templated":true}]}}