{"id":5265,"date":"2012-10-04T15:08:15","date_gmt":"2012-10-04T14:08:15","guid":{"rendered":"http:\/\/mileon.wordpress.com\/?p=5265"},"modified":"2012-10-04T15:08:15","modified_gmt":"2012-10-04T14:08:15","slug":"informacion-importante-sobre-docencia-en-el-hospital-de-leon","status":"publish","type":"post","link":"https:\/\/www.icscyl.com\/mileon\/noticias\/2012-10-04\/informacion-importante-sobre-docencia-en-el-hospital-de-leon\/","title":{"rendered":"Informaci\u00f3n importante sobre docencia en el Hospital de Le\u00f3n"},"content":{"rendered":"<p><em><a href=\"https:\/\/mileon.files.wordpress.com\/2012\/10\/mir.jpg\"><img loading=\"lazy\" decoding=\"async\" class=\"alignright  wp-image-5266\" title=\"mir\" src=\"https:\/\/mileon.files.wordpress.com\/2012\/10\/mir.jpg\" alt=\"\" width=\"135\" height=\"102\" \/><\/a>Aprovechando la mayor difusi\u00f3n del blog, colgamos a continuaci\u00f3n esta misiva del Dr. Herrera, tutor coordinador de nuestro servicio, con novedades al respecto del tema de formaci\u00f3n y acreditaci\u00f3n de tutores:<\/em><br \/>\nApreciados compa\u00f1eros:<br \/>\nPr\u00f3ximamente la Comisi\u00f3n de docencia proceder\u00e1 al nombramiento de las figuras docentes que quedaban pendientes, Tutores de Apoyo y Colaboradores docentes.<br \/>\nCon vistas a pr\u00f3ximas convocatorias de Oposiciones, Concursos de Traslado, Carrera Profesional, Bolsas de empleo, etc., es m\u00e1s que probable que se tengan en cuenta los m\u00e9ritos obtenidos a trav\u00e9s de la participaci\u00f3n en la Docencia. No es seguro que esto sea as\u00ed, ni existe constancia de c\u00f3mo se van a baremar las distintas figuras, pero lo que si es seguro, es que s\u00f3lo se tendr\u00e1n en cuenta los m\u00e9ritos contra\u00eddos a partir del nombramiento, los anteriores a dicho nombramiento, si la Consejer\u00eda no cambia de opini\u00f3n, no se van a considerar.<!--more--><br \/>\nCaracter\u00edsticas de cada figura docente que va a nombrarse:<br \/>\nTutor de Apoyo de Medicina Interna:<\/p>\n<ul>\n<li>Se encargar\u00e1 de contribuir a la formaci\u00f3n de los Residentes de Medicina Interna.<\/li>\n<li>Puntuar\u00e1 durante todo el tiempo desde que sea nombrado<\/li>\n<li>\u00danico requisito: Estar acreditado por la Gerencia Regional de Salud como tutor para el programa de Medicina Interna. Dicha acreditaci\u00f3n ya tubo lugar el pasado a\u00f1o, y cuando la administraci\u00f3n lo considere oportuno se deber\u00e1 reacreditar, as\u00ed como se volver\u00e1 a abrir un periodo de tiempo para que los que no considerasteis oportuno acreditaros, lo pod\u00e1is hacer de nuevo, mientras tanto no se os puede nombrar como Tutor de Apoyo<\/li>\n<\/ul>\n<p>Colaborador Docente:<\/p>\n<ul>\n<li>Se encargar\u00e1 de contribuir a la formaci\u00f3n de los Residentes de otras especialidades que rotan por Medicina Interna.<\/li>\n<li>Puntuar\u00e1 s\u00f3lo el tiempo en el que se tenga adjudicado un residente.<\/li>\n<li>No se requiere ning\u00fan tipo de acreditaci\u00f3n. Puede serlo cualquier miembro del staff del servicio.<\/li>\n<\/ul>\n<p>Aunque desde la comisi\u00f3n de docencia no se quieren generalizar nombramientos, sugieren \u201cun uso juicioso de los nombramientos\u201d de Tutores de Apoyo, tanto el Jefe de Servicio, Dr. Mostaza, como el Tutor Coordinador y los Tutores Principales, (Jose Guerra, Alberto Mor\u00e1n y yo mismo), consideramos que dadas las connotaciones posibles a la hora de concursos y oposiciones debemos abrir la posibilidad de nombramientos a todos los que est\u00e9n interesados, y por ello os ruego que los interesados en ser Tutor de Apoyo y\/o Colaborador Docente, ( se puede ser las dos cosas simult\u00e1neamente), \u00a0me lo comuniqu\u00e9is formalmente mediante correo electr\u00f3nico a <a href=\"mailto:docenciamicaule@gmail.com\">docenciamicaule@gmail.com<\/a>, haciendo constar, nombre, dos apellidos, DNI y correo electr\u00f3nico de contacto, estos dos \u00faltimos datos son para elaborar el certificado de nombramiento y porque la Comisi\u00f3n de Docencia piensa mandaros dicho documento por correo electr\u00f3nico.<br \/>\nFecha l\u00edmite inexcusable: 17 de Octubre (Tenemos que mandar la relaci\u00f3n a la Comisi\u00f3n de Docencia)<br \/>\nSi alguna duda ten\u00e9is ya sab\u00e9is donde encontrarme<br \/>\n&nbsp;<\/p>\n<p align=\"center\">Le\u00f3n 4 de Octubre de 2012<\/p>\n<p align=\"center\">\n<p align=\"center\">\n<p align=\"center\">\n<p align=\"center\">\n<p align=\"center\">Jos\u00e9 Antonio Herrera rubio<\/p>\n<p align=\"center\">Tutor Coordinador<\/p>\n<p align=\"center\">Servicio de Medicina Interna<\/p>\n","protected":false},"excerpt":{"rendered":"<p>Aprovechando la mayor difusi\u00f3n del blog, colgamos a continuaci\u00f3n esta misiva del Dr. Herrera, tutor coordinador de nuestro servicio, con novedades al respecto del tema de formaci\u00f3n y acreditaci\u00f3n de tutores: Apreciados compa\u00f1eros: Pr\u00f3ximamente la Comisi\u00f3n de docencia proceder\u00e1 al nombramiento de las figuras docentes que quedaban pendientes, Tutores de Apoyo y Colaboradores docentes. Con [&hellip;]<\/p>\n","protected":false},"author":4,"featured_media":0,"comment_status":"open","ping_status":"open","sticky":false,"template":"","format":"standard","meta":{"jetpack_post_was_ever_published":false,"_jetpack_newsletter_access":"","_jetpack_dont_email_post_to_subs":false,"_jetpack_newsletter_tier_id":0,"_jetpack_memberships_contains_paywalled_content":false,"_jetpack_memberships_contains_paid_content":false,"footnotes":"","jetpack_publicize_message":"","jetpack_publicize_feature_enabled":true,"jetpack_social_post_already_shared":false,"jetpack_social_options":{"image_generator_settings":{"template":"highway","default_image_id":0,"font":"","enabled":false},"version":2}},"categories":[717],"tags":[],"class_list":["post-5265","post","type-post","status-publish","format-standard","hentry","category-noticias"],"jetpack_publicize_connections":[],"jetpack_featured_media_url":"","jetpack_sharing_enabled":true,"post_mailing_queue_ids":[],"_links":{"self":[{"href":"https:\/\/www.icscyl.com\/mileon\/wp-json\/wp\/v2\/posts\/5265","targetHints":{"allow":["GET"]}}],"collection":[{"href":"https:\/\/www.icscyl.com\/mileon\/wp-json\/wp\/v2\/posts"}],"about":[{"href":"https:\/\/www.icscyl.com\/mileon\/wp-json\/wp\/v2\/types\/post"}],"author":[{"embeddable":true,"href":"https:\/\/www.icscyl.com\/mileon\/wp-json\/wp\/v2\/users\/4"}],"replies":[{"embeddable":true,"href":"https:\/\/www.icscyl.com\/mileon\/wp-json\/wp\/v2\/comments?post=5265"}],"version-history":[{"count":0,"href":"https:\/\/www.icscyl.com\/mileon\/wp-json\/wp\/v2\/posts\/5265\/revisions"}],"wp:attachment":[{"href":"https:\/\/www.icscyl.com\/mileon\/wp-json\/wp\/v2\/media?parent=5265"}],"wp:term":[{"taxonomy":"category","embeddable":true,"href":"https:\/\/www.icscyl.com\/mileon\/wp-json\/wp\/v2\/categories?post=5265"},{"taxonomy":"post_tag","embeddable":true,"href":"https:\/\/www.icscyl.com\/mileon\/wp-json\/wp\/v2\/tags?post=5265"}],"curies":[{"name":"wp","href":"https:\/\/api.w.org\/{rel}","templated":true}]}}