{"id":5147,"date":"2012-09-13T18:43:59","date_gmt":"2012-09-13T17:43:59","guid":{"rendered":"http:\/\/mileon.wordpress.com\/?p=5147"},"modified":"2012-09-13T18:43:59","modified_gmt":"2012-09-13T17:43:59","slug":"sesion-bibliografica-viernes-7-de-septiembre","status":"publish","type":"post","link":"https:\/\/www.icscyl.com\/mileon\/sesiones-bibliograficas\/2012-09-13\/sesion-bibliografica-viernes-7-de-septiembre\/","title":{"rendered":"Sesi\u00f3n Bibliogr\u00e1fica viernes 7 de Septiembre"},"content":{"rendered":"<p style=\"text-align:justify;\"><a href=\"https:\/\/mileon.files.wordpress.com\/2012\/09\/images4.jpg\"><img loading=\"lazy\" decoding=\"async\" class=\"alignright  wp-image-5148\" title=\"images\" src=\"https:\/\/mileon.files.wordpress.com\/2012\/09\/images4.jpg\" alt=\"\" width=\"187\" height=\"187\" \/><\/a>El pasado viernes la Dra. Sara P\u00e9rez present\u00f3 5 art\u00edculos recientes sobre diferentes patolog\u00edas infecciosas. El primer art\u00edculo revisa el uso de las cifras de procalcitonina como gu\u00eda para el tratamiento antibi\u00f3tico en las infecciones respiratorias. El segundo art\u00edculo se refiere a los cambios en el perfil lip\u00eddico en los pacientes coinfectados VHC-VIH en relaci\u00f3n con el trataminero Ribavirina-IFN. El siguiente se centra en el tratamiento de la infecci\u00f3n por <em>A. baumannii<\/em> y el cuarto en la nueva clasificaci\u00f3n de las especies de <em>S. bovis<\/em> y su relaci\u00f3n con diferentes patolog\u00edas. Para acabar: im\u00e1genes de infecciones causadas por una especie de Nocardia asociada al uso de productos cosm\u00e9ticos sin licencia.<\/p>\n<p style=\"text-align:justify;\">Descargar Sesi\u00f3n <span style=\"color:#0000ff;\"><a href=\"https:\/\/docs.google.com\/open?id=0BxXYCqMXR4ZaUEVSTVFvaFgtV1k\"><span style=\"color:#0000ff;\">aqu\u00ed<\/span><\/a><\/span><\/p>\n","protected":false},"excerpt":{"rendered":"<p>El pasado viernes la Dra. Sara P\u00e9rez present\u00f3 5 art\u00edculos recientes sobre diferentes patolog\u00edas infecciosas. El primer art\u00edculo revisa el uso de las cifras de procalcitonina como gu\u00eda para el tratamiento antibi\u00f3tico en las infecciones respiratorias. El segundo art\u00edculo se refiere a los cambios en el perfil lip\u00eddico en los pacientes coinfectados VHC-VIH en relaci\u00f3n [&hellip;]<\/p>\n","protected":false},"author":5,"featured_media":0,"comment_status":"open","ping_status":"open","sticky":false,"template":"","format":"standard","meta":{"jetpack_post_was_ever_published":false,"_jetpack_newsletter_access":"","_jetpack_dont_email_post_to_subs":false,"_jetpack_newsletter_tier_id":0,"_jetpack_memberships_contains_paywalled_content":false,"_jetpack_memberships_contains_paid_content":false,"footnotes":"","jetpack_publicize_message":"","jetpack_publicize_feature_enabled":true,"jetpack_social_post_already_shared":false,"jetpack_social_options":{"image_generator_settings":{"template":"highway","default_image_id":0,"font":"","enabled":false},"version":2}},"categories":[722],"tags":[],"class_list":["post-5147","post","type-post","status-publish","format-standard","hentry","category-sesiones-bibliograficas"],"jetpack_publicize_connections":[],"jetpack_featured_media_url":"","jetpack_sharing_enabled":true,"post_mailing_queue_ids":[],"_links":{"self":[{"href":"https:\/\/www.icscyl.com\/mileon\/wp-json\/wp\/v2\/posts\/5147","targetHints":{"allow":["GET"]}}],"collection":[{"href":"https:\/\/www.icscyl.com\/mileon\/wp-json\/wp\/v2\/posts"}],"about":[{"href":"https:\/\/www.icscyl.com\/mileon\/wp-json\/wp\/v2\/types\/post"}],"author":[{"embeddable":true,"href":"https:\/\/www.icscyl.com\/mileon\/wp-json\/wp\/v2\/users\/5"}],"replies":[{"embeddable":true,"href":"https:\/\/www.icscyl.com\/mileon\/wp-json\/wp\/v2\/comments?post=5147"}],"version-history":[{"count":0,"href":"https:\/\/www.icscyl.com\/mileon\/wp-json\/wp\/v2\/posts\/5147\/revisions"}],"wp:attachment":[{"href":"https:\/\/www.icscyl.com\/mileon\/wp-json\/wp\/v2\/media?parent=5147"}],"wp:term":[{"taxonomy":"category","embeddable":true,"href":"https:\/\/www.icscyl.com\/mileon\/wp-json\/wp\/v2\/categories?post=5147"},{"taxonomy":"post_tag","embeddable":true,"href":"https:\/\/www.icscyl.com\/mileon\/wp-json\/wp\/v2\/tags?post=5147"}],"curies":[{"name":"wp","href":"https:\/\/api.w.org\/{rel}","templated":true}]}}