{"id":4922,"date":"2012-07-29T13:00:06","date_gmt":"2012-07-29T12:00:06","guid":{"rendered":"http:\/\/mileon.wordpress.com\/?p=4922"},"modified":"2012-07-29T13:00:06","modified_gmt":"2012-07-29T12:00:06","slug":"bases-fisiopatologicas-del-tratamiento-con-insulina","status":"publish","type":"post","link":"https:\/\/www.icscyl.com\/mileon\/residentes\/2012-07-29\/bases-fisiopatologicas-del-tratamiento-con-insulina\/","title":{"rendered":"Bases fisiopatol\u00f3gicas del tratamiento con insulina"},"content":{"rendered":"<p><a href=\"https:\/\/mileon.files.wordpress.com\/2012\/07\/pinchazodeinsulinaenelabdomen.jpg\"><img loading=\"lazy\" decoding=\"async\" class=\"alignright  wp-image-4924\" title=\"Pinchazo+de+insulina+en+el+abdomen\" src=\"https:\/\/mileon.files.wordpress.com\/2012\/07\/pinchazodeinsulinaenelabdomen.jpg\" alt=\"\" width=\"192\" height=\"141\" \/><\/a>La \u00faltima sesi\u00f3n de residentes en el Monte San Isidro del mes de Julio. En esta ocasi\u00f3n fue presentada por la Dra. Hern\u00e1ndez, R1 de Endocrinolog\u00eda, que repas\u00f3 las bases fisiopatol\u00f3gicas del tratamiento con insulina. Adem\u00e1s de repasar los diferentes perfiles de los distintos tipos de insulina, abord\u00f3 la fisiopatolog\u00eda de la diabetes y cu\u00e1ndo iniciar el tratamiento con insulina en la diabetes tipo 2.<br \/>\nPod\u00e9is descargar su sesi\u00f3n haciendo\u00a0<a href=\"https:\/\/mileon.files.wordpress.com\/2012\/07\/dra-hernandez-sesresmsi-jul12.pdf\">click aqu\u00ed.<\/a><\/p>\n","protected":false},"excerpt":{"rendered":"<p>La \u00faltima sesi\u00f3n de residentes en el Monte San Isidro del mes de Julio. En esta ocasi\u00f3n fue presentada por la Dra. Hern\u00e1ndez, R1 de Endocrinolog\u00eda, que repas\u00f3 las bases fisiopatol\u00f3gicas del tratamiento con insulina. Adem\u00e1s de repasar los diferentes perfiles de los distintos tipos de insulina, abord\u00f3 la fisiopatolog\u00eda de la diabetes y cu\u00e1ndo [&hellip;]<\/p>\n","protected":false},"author":4,"featured_media":0,"comment_status":"open","ping_status":"open","sticky":false,"template":"","format":"standard","meta":{"jetpack_post_was_ever_published":false,"_jetpack_newsletter_access":"","_jetpack_dont_email_post_to_subs":false,"_jetpack_newsletter_tier_id":0,"_jetpack_memberships_contains_paywalled_content":false,"_jetpack_memberships_contains_paid_content":false,"footnotes":"","jetpack_publicize_message":"","jetpack_publicize_feature_enabled":true,"jetpack_social_post_already_shared":false,"jetpack_social_options":{"image_generator_settings":{"template":"highway","default_image_id":0,"font":"","enabled":false},"version":2}},"categories":[721],"tags":[740],"class_list":["post-4922","post","type-post","status-publish","format-standard","hentry","category-residentes","tag-ana-hernandez"],"jetpack_publicize_connections":[],"jetpack_featured_media_url":"","jetpack_sharing_enabled":true,"post_mailing_queue_ids":[],"_links":{"self":[{"href":"https:\/\/www.icscyl.com\/mileon\/wp-json\/wp\/v2\/posts\/4922","targetHints":{"allow":["GET"]}}],"collection":[{"href":"https:\/\/www.icscyl.com\/mileon\/wp-json\/wp\/v2\/posts"}],"about":[{"href":"https:\/\/www.icscyl.com\/mileon\/wp-json\/wp\/v2\/types\/post"}],"author":[{"embeddable":true,"href":"https:\/\/www.icscyl.com\/mileon\/wp-json\/wp\/v2\/users\/4"}],"replies":[{"embeddable":true,"href":"https:\/\/www.icscyl.com\/mileon\/wp-json\/wp\/v2\/comments?post=4922"}],"version-history":[{"count":0,"href":"https:\/\/www.icscyl.com\/mileon\/wp-json\/wp\/v2\/posts\/4922\/revisions"}],"wp:attachment":[{"href":"https:\/\/www.icscyl.com\/mileon\/wp-json\/wp\/v2\/media?parent=4922"}],"wp:term":[{"taxonomy":"category","embeddable":true,"href":"https:\/\/www.icscyl.com\/mileon\/wp-json\/wp\/v2\/categories?post=4922"},{"taxonomy":"post_tag","embeddable":true,"href":"https:\/\/www.icscyl.com\/mileon\/wp-json\/wp\/v2\/tags?post=4922"}],"curies":[{"name":"wp","href":"https:\/\/api.w.org\/{rel}","templated":true}]}}