{"id":4882,"date":"2012-07-18T16:49:40","date_gmt":"2012-07-18T15:49:40","guid":{"rendered":"http:\/\/mileon.wordpress.com\/?p=4882"},"modified":"2012-07-18T16:49:40","modified_gmt":"2012-07-18T15:49:40","slug":"solucion-del-caso-clinico-del-18-de-julio-de-2012-mieloma-multiple","status":"publish","type":"post","link":"https:\/\/www.icscyl.com\/mileon\/sesiones-clinicas\/2012-07-18\/solucion-del-caso-clinico-del-18-de-julio-de-2012-mieloma-multiple\/","title":{"rendered":"Soluci\u00f3n del caso cl\u00ednico del 18 de julio de 2012: Mieloma m\u00faltiple."},"content":{"rendered":"<p style=\"text-align:justify;\"><a href=\"https:\/\/mileon.files.wordpress.com\/2012\/07\/imagen11.jpg\"><img loading=\"lazy\" decoding=\"async\" class=\"alignright size-thumbnail wp-image-4883\" title=\"Imagen1\" src=\"https:\/\/mileon.files.wordpress.com\/2012\/07\/imagen11.jpg?w=150\" alt=\"\" width=\"150\" height=\"141\" \/><\/a> Recordamos el caso de un var\u00f3n de 80 a\u00f1os de edad con antecedentes de diabetes y que presenta un cuadro de una semana de evoluci\u00f3n de disminuci\u00f3n en nivel de conciencia en contexto de hipercalcemia e hiperfosforemia severas.<\/p>\n<p style=\"text-align:justify;\">La dra. Cristina Ferrero Sanz (R1 MI) hizo el diagn\u00f3stico diferencial de forma concisa y acertada. Se puede descargar la presentaci\u00f3n en el siguiente <a href=\"https:\/\/mileon.files.wordpress.com\/2012\/07\/dra-ferrero-sescli-jul12.pdf\">enlace<\/a>.<\/p>\n<p style=\"text-align:justify;\">Fue el Dr. Luis Quiroga Prado (adjunto MI) quien dio la soluci\u00f3n. Descargar presentaci\u00f3n con resultados y peque\u00f1a revision del tema <a href=\"https:\/\/mileon.files.wordpress.com\/2012\/07\/dr-quiroga-sescli-jul12.pdf\">aqu\u00ed<\/a>. Se trata de un mieloma multiple IgG kappa. Fue exitus.<\/p>\n","protected":false},"excerpt":{"rendered":"<p>Recordamos el caso de un var\u00f3n de 80 a\u00f1os de edad con antecedentes de diabetes y que presenta un cuadro de una semana de evoluci\u00f3n de disminuci\u00f3n en nivel de conciencia en contexto de hipercalcemia e hiperfosforemia severas. La dra. Cristina Ferrero Sanz (R1 MI) hizo el diagn\u00f3stico diferencial de forma concisa y acertada. Se [&hellip;]<\/p>\n","protected":false},"author":6,"featured_media":0,"comment_status":"open","ping_status":"open","sticky":false,"template":"","format":"standard","meta":{"jetpack_post_was_ever_published":false,"_jetpack_newsletter_access":"","_jetpack_dont_email_post_to_subs":false,"_jetpack_newsletter_tier_id":0,"_jetpack_memberships_contains_paywalled_content":false,"_jetpack_memberships_contains_paid_content":false,"footnotes":"","jetpack_publicize_message":"","jetpack_publicize_feature_enabled":true,"jetpack_social_post_already_shared":false,"jetpack_social_options":{"image_generator_settings":{"template":"highway","default_image_id":0,"font":"","enabled":false},"version":2}},"categories":[723],"tags":[847],"class_list":["post-4882","post","type-post","status-publish","format-standard","hentry","category-sesiones-clinicas","tag-ferrero"],"jetpack_publicize_connections":[],"jetpack_featured_media_url":"","jetpack_sharing_enabled":true,"post_mailing_queue_ids":[],"_links":{"self":[{"href":"https:\/\/www.icscyl.com\/mileon\/wp-json\/wp\/v2\/posts\/4882","targetHints":{"allow":["GET"]}}],"collection":[{"href":"https:\/\/www.icscyl.com\/mileon\/wp-json\/wp\/v2\/posts"}],"about":[{"href":"https:\/\/www.icscyl.com\/mileon\/wp-json\/wp\/v2\/types\/post"}],"author":[{"embeddable":true,"href":"https:\/\/www.icscyl.com\/mileon\/wp-json\/wp\/v2\/users\/6"}],"replies":[{"embeddable":true,"href":"https:\/\/www.icscyl.com\/mileon\/wp-json\/wp\/v2\/comments?post=4882"}],"version-history":[{"count":0,"href":"https:\/\/www.icscyl.com\/mileon\/wp-json\/wp\/v2\/posts\/4882\/revisions"}],"wp:attachment":[{"href":"https:\/\/www.icscyl.com\/mileon\/wp-json\/wp\/v2\/media?parent=4882"}],"wp:term":[{"taxonomy":"category","embeddable":true,"href":"https:\/\/www.icscyl.com\/mileon\/wp-json\/wp\/v2\/categories?post=4882"},{"taxonomy":"post_tag","embeddable":true,"href":"https:\/\/www.icscyl.com\/mileon\/wp-json\/wp\/v2\/tags?post=4882"}],"curies":[{"name":"wp","href":"https:\/\/api.w.org\/{rel}","templated":true}]}}