{"id":4819,"date":"2012-07-10T15:26:02","date_gmt":"2012-07-10T14:26:02","guid":{"rendered":"http:\/\/mileon.wordpress.com\/?p=4819"},"modified":"2012-07-10T15:26:02","modified_gmt":"2012-07-10T14:26:02","slug":"sesion-bibliografica-residentes-mareo-vertigo-diagnostico-y-manejo","status":"publish","type":"post","link":"https:\/\/www.icscyl.com\/mileon\/sesiones-bibliograficas\/2012-07-10\/sesion-bibliografica-residentes-mareo-vertigo-diagnostico-y-manejo\/","title":{"rendered":"Sesi\u00f3n bibliogr\u00e1fica residentes: mareo-v\u00e9rtigo. Diagn\u00f3stico y manejo."},"content":{"rendered":"<p><a href=\"https:\/\/mileon.files.wordpress.com\/2012\/07\/image.jpeg\"><img loading=\"lazy\" decoding=\"async\" class=\"alignright size-thumbnail wp-image-4820\" title=\"image\" src=\"https:\/\/mileon.files.wordpress.com\/2012\/07\/image.jpeg?w=135\" alt=\"\" width=\"135\" height=\"150\" \/><\/a><\/p>\n<p style=\"text-align:justify;\">El d\u00eda 9 de julio de 2012 la Dra. Noelia Gonz\u00e1lez Nafr\u00eda (R1 Neurolog\u00eda) nos habl\u00f3 de la dif\u00edcil interpretaci\u00f3n del mareo, centr\u00e1ndose en el pres\u00edncope y v\u00e9rtigo. Y nos record\u00f3 que su manejo se basa en la realizaci\u00f3n de una adecuada Historia Cl\u00ednica.<\/p>\n<p style=\"text-align:justify;\">Descargar la presentaci\u00f3n en el siguiente <a href=\"https:\/\/mileon.files.wordpress.com\/2012\/07\/dra-nafria-sesbibl-jul12-ppt.pdf\">enlace<\/a>.<\/p>\n","protected":false},"excerpt":{"rendered":"<p>El d\u00eda 9 de julio de 2012 la Dra. Noelia Gonz\u00e1lez Nafr\u00eda (R1 Neurolog\u00eda) nos habl\u00f3 de la dif\u00edcil interpretaci\u00f3n del mareo, centr\u00e1ndose en el pres\u00edncope y v\u00e9rtigo. Y nos record\u00f3 que su manejo se basa en la realizaci\u00f3n de una adecuada Historia Cl\u00ednica. Descargar la presentaci\u00f3n en el siguiente enlace.<\/p>\n","protected":false},"author":6,"featured_media":0,"comment_status":"open","ping_status":"open","sticky":false,"template":"","format":"standard","meta":{"jetpack_post_was_ever_published":false,"_jetpack_newsletter_access":"","_jetpack_dont_email_post_to_subs":false,"_jetpack_newsletter_tier_id":0,"_jetpack_memberships_contains_paywalled_content":false,"_jetpack_memberships_contains_paid_content":false,"footnotes":"","jetpack_publicize_message":"","jetpack_publicize_feature_enabled":true,"jetpack_social_post_already_shared":false,"jetpack_social_options":{"image_generator_settings":{"template":"highway","default_image_id":0,"font":"","enabled":false},"version":2}},"categories":[722],"tags":[948],"class_list":["post-4819","post","type-post","status-publish","format-standard","hentry","category-sesiones-bibliograficas","tag-nafria"],"jetpack_publicize_connections":[],"jetpack_featured_media_url":"","jetpack_sharing_enabled":true,"post_mailing_queue_ids":[],"_links":{"self":[{"href":"https:\/\/www.icscyl.com\/mileon\/wp-json\/wp\/v2\/posts\/4819","targetHints":{"allow":["GET"]}}],"collection":[{"href":"https:\/\/www.icscyl.com\/mileon\/wp-json\/wp\/v2\/posts"}],"about":[{"href":"https:\/\/www.icscyl.com\/mileon\/wp-json\/wp\/v2\/types\/post"}],"author":[{"embeddable":true,"href":"https:\/\/www.icscyl.com\/mileon\/wp-json\/wp\/v2\/users\/6"}],"replies":[{"embeddable":true,"href":"https:\/\/www.icscyl.com\/mileon\/wp-json\/wp\/v2\/comments?post=4819"}],"version-history":[{"count":0,"href":"https:\/\/www.icscyl.com\/mileon\/wp-json\/wp\/v2\/posts\/4819\/revisions"}],"wp:attachment":[{"href":"https:\/\/www.icscyl.com\/mileon\/wp-json\/wp\/v2\/media?parent=4819"}],"wp:term":[{"taxonomy":"category","embeddable":true,"href":"https:\/\/www.icscyl.com\/mileon\/wp-json\/wp\/v2\/categories?post=4819"},{"taxonomy":"post_tag","embeddable":true,"href":"https:\/\/www.icscyl.com\/mileon\/wp-json\/wp\/v2\/tags?post=4819"}],"curies":[{"name":"wp","href":"https:\/\/api.w.org\/{rel}","templated":true}]}}