{"id":4768,"date":"2012-06-26T15:58:12","date_gmt":"2012-06-26T14:58:12","guid":{"rendered":"http:\/\/mileon.wordpress.com\/?p=4768"},"modified":"2012-06-26T15:58:12","modified_gmt":"2012-06-26T14:58:12","slug":"sesion-bibliografica-residentes-purpura-trombocitopenica-idiopatica","status":"publish","type":"post","link":"https:\/\/www.icscyl.com\/mileon\/sesiones-bibliograficas\/2012-06-26\/sesion-bibliografica-residentes-purpura-trombocitopenica-idiopatica\/","title":{"rendered":"Sesi\u00f3n bibliogr\u00e1fica residentes: P\u00farpura trombocitop\u00e9nica idiop\u00e1tica."},"content":{"rendered":"<p style=\"text-align:justify;\"><a href=\"https:\/\/mileon.files.wordpress.com\/2012\/06\/images3.jpg\"><img loading=\"lazy\" decoding=\"async\" class=\"alignright size-thumbnail wp-image-4769\" title=\"images\" alt=\"\" src=\"https:\/\/mileon.files.wordpress.com\/2012\/06\/images3.jpg?w=150\" width=\"150\" height=\"123\" \/><\/a>El d\u00eda 25 de junio de 2012 la Dra. Saray Rodr\u00edguez Garc\u00eda (R3 MI) nos habl\u00f3 de la PTI.\u00a0 Recordamos que su diagn\u00f3stico requiere dos premisas. Por un lado la presencia de una trombopenia aislada y por otra la ausencia de una causa que la justifique. Por tanto, su diagn\u00f3stico es por exclusi\u00f3n.\u00a0 Se repasa su etiopatogenia, diagn\u00f3stico diferencial, manejo y las diversas opciones terape\u00faticas.<\/p>\n<p style=\"text-align:justify;\">Descargar presentaci\u00f3n <a href=\"https:\/\/mileon.files.wordpress.com\/2012\/06\/dra-saray-sesbibl-jun12.pdf\">aqu\u00ed<\/a>.<\/p>\n","protected":false},"excerpt":{"rendered":"<p>El d\u00eda 25 de junio de 2012 la Dra. Saray Rodr\u00edguez Garc\u00eda (R3 MI) nos habl\u00f3 de la PTI.\u00a0 Recordamos que su diagn\u00f3stico requiere dos premisas. Por un lado la presencia de una trombopenia aislada y por otra la ausencia de una causa que la justifique. Por tanto, su diagn\u00f3stico es por exclusi\u00f3n.\u00a0 Se repasa [&hellip;]<\/p>\n","protected":false},"author":6,"featured_media":0,"comment_status":"open","ping_status":"open","sticky":false,"template":"","format":"standard","meta":{"jetpack_post_was_ever_published":false,"_jetpack_newsletter_access":"","_jetpack_dont_email_post_to_subs":false,"_jetpack_newsletter_tier_id":0,"_jetpack_memberships_contains_paywalled_content":false,"_jetpack_memberships_contains_paid_content":false,"footnotes":"","jetpack_publicize_message":"","jetpack_publicize_feature_enabled":true,"jetpack_social_post_already_shared":false,"jetpack_social_options":{"image_generator_settings":{"template":"highway","default_image_id":0,"font":"","enabled":false},"version":2}},"categories":[722],"tags":[],"class_list":["post-4768","post","type-post","status-publish","format-standard","hentry","category-sesiones-bibliograficas"],"jetpack_publicize_connections":[],"jetpack_featured_media_url":"","jetpack_sharing_enabled":true,"post_mailing_queue_ids":[],"_links":{"self":[{"href":"https:\/\/www.icscyl.com\/mileon\/wp-json\/wp\/v2\/posts\/4768","targetHints":{"allow":["GET"]}}],"collection":[{"href":"https:\/\/www.icscyl.com\/mileon\/wp-json\/wp\/v2\/posts"}],"about":[{"href":"https:\/\/www.icscyl.com\/mileon\/wp-json\/wp\/v2\/types\/post"}],"author":[{"embeddable":true,"href":"https:\/\/www.icscyl.com\/mileon\/wp-json\/wp\/v2\/users\/6"}],"replies":[{"embeddable":true,"href":"https:\/\/www.icscyl.com\/mileon\/wp-json\/wp\/v2\/comments?post=4768"}],"version-history":[{"count":0,"href":"https:\/\/www.icscyl.com\/mileon\/wp-json\/wp\/v2\/posts\/4768\/revisions"}],"wp:attachment":[{"href":"https:\/\/www.icscyl.com\/mileon\/wp-json\/wp\/v2\/media?parent=4768"}],"wp:term":[{"taxonomy":"category","embeddable":true,"href":"https:\/\/www.icscyl.com\/mileon\/wp-json\/wp\/v2\/categories?post=4768"},{"taxonomy":"post_tag","embeddable":true,"href":"https:\/\/www.icscyl.com\/mileon\/wp-json\/wp\/v2\/tags?post=4768"}],"curies":[{"name":"wp","href":"https:\/\/api.w.org\/{rel}","templated":true}]}}