{"id":4329,"date":"2012-03-30T12:45:50","date_gmt":"2012-03-30T11:45:50","guid":{"rendered":"http:\/\/mileon.wordpress.com\/?p=4329"},"modified":"2012-03-30T12:45:50","modified_gmt":"2012-03-30T11:45:50","slug":"fisiopatologia-de-las-complicaciones-microvasculares-de-la-diabetes","status":"publish","type":"post","link":"https:\/\/www.icscyl.com\/mileon\/residentes\/2012-03-30\/fisiopatologia-de-las-complicaciones-microvasculares-de-la-diabetes\/","title":{"rendered":"Fisiopatolog\u00eda de las complicaciones microvasculares de la diabetes"},"content":{"rendered":"<p><a href=\"https:\/\/mileon.files.wordpress.com\/2012\/03\/1271819635.gif\"><img loading=\"lazy\" decoding=\"async\" class=\"alignright  wp-image-4331\" title=\"1271819635\" src=\"https:\/\/mileon.files.wordpress.com\/2012\/03\/1271819635.gif\" alt=\"\" width=\"190\" height=\"140\" \/><\/a>El Dr. Vargas Berrocal, R1 de Medicina Familiar y Comunitaria repaso la fisiopatolog\u00eda de las complicaciones microvasculares de la diabetes en revisi\u00f3n presentada el pasado martes en el Monte San Isidro. Breve resumen de un tema siempre \u00e1rido y cambiante para los m\u00e1s interesados en la biolog\u00eda molecular. Su presentaci\u00f3n se puede descargar haciendo\u00a0<a href=\"https:\/\/mileon.files.wordpress.com\/2012\/03\/dr-vargas-berrocal-sesmsi-mar12.pdf\">click aqu\u00ed.<\/a><\/p>\n","protected":false},"excerpt":{"rendered":"<p>El Dr. Vargas Berrocal, R1 de Medicina Familiar y Comunitaria repaso la fisiopatolog\u00eda de las complicaciones microvasculares de la diabetes en revisi\u00f3n presentada el pasado martes en el Monte San Isidro. Breve resumen de un tema siempre \u00e1rido y cambiante para los m\u00e1s interesados en la biolog\u00eda molecular. Su presentaci\u00f3n se puede descargar haciendo\u00a0click aqu\u00ed.<\/p>\n","protected":false},"author":4,"featured_media":0,"comment_status":"open","ping_status":"open","sticky":false,"template":"","format":"standard","meta":{"jetpack_post_was_ever_published":false,"_jetpack_newsletter_access":"","_jetpack_dont_email_post_to_subs":false,"_jetpack_newsletter_tier_id":0,"_jetpack_memberships_contains_paywalled_content":false,"_jetpack_memberships_contains_paid_content":false,"footnotes":"","jetpack_publicize_message":"","jetpack_publicize_feature_enabled":true,"jetpack_social_post_already_shared":false,"jetpack_social_options":{"image_generator_settings":{"template":"highway","default_image_id":0,"font":"","enabled":false},"version":2}},"categories":[721],"tags":[1051],"class_list":["post-4329","post","type-post","status-publish","format-standard","hentry","category-residentes","tag-vargas"],"jetpack_publicize_connections":[],"jetpack_featured_media_url":"","jetpack_sharing_enabled":true,"post_mailing_queue_ids":[],"_links":{"self":[{"href":"https:\/\/www.icscyl.com\/mileon\/wp-json\/wp\/v2\/posts\/4329","targetHints":{"allow":["GET"]}}],"collection":[{"href":"https:\/\/www.icscyl.com\/mileon\/wp-json\/wp\/v2\/posts"}],"about":[{"href":"https:\/\/www.icscyl.com\/mileon\/wp-json\/wp\/v2\/types\/post"}],"author":[{"embeddable":true,"href":"https:\/\/www.icscyl.com\/mileon\/wp-json\/wp\/v2\/users\/4"}],"replies":[{"embeddable":true,"href":"https:\/\/www.icscyl.com\/mileon\/wp-json\/wp\/v2\/comments?post=4329"}],"version-history":[{"count":0,"href":"https:\/\/www.icscyl.com\/mileon\/wp-json\/wp\/v2\/posts\/4329\/revisions"}],"wp:attachment":[{"href":"https:\/\/www.icscyl.com\/mileon\/wp-json\/wp\/v2\/media?parent=4329"}],"wp:term":[{"taxonomy":"category","embeddable":true,"href":"https:\/\/www.icscyl.com\/mileon\/wp-json\/wp\/v2\/categories?post=4329"},{"taxonomy":"post_tag","embeddable":true,"href":"https:\/\/www.icscyl.com\/mileon\/wp-json\/wp\/v2\/tags?post=4329"}],"curies":[{"name":"wp","href":"https:\/\/api.w.org\/{rel}","templated":true}]}}