{"id":4321,"date":"2012-03-29T20:33:05","date_gmt":"2012-03-29T19:33:05","guid":{"rendered":"http:\/\/mileon.wordpress.com\/?p=4321"},"modified":"2012-03-29T20:33:05","modified_gmt":"2012-03-29T19:33:05","slug":"farmacos-utilizados-en-el-manejo-de-la-via-aerea-dificil","status":"publish","type":"post","link":"https:\/\/www.icscyl.com\/mileon\/maitines\/2012-03-29\/farmacos-utilizados-en-el-manejo-de-la-via-aerea-dificil\/","title":{"rendered":"F\u00e1rmacos utilizados en el manejo de la v\u00eda a\u00e9rea dif\u00edcil"},"content":{"rendered":"<p><a href=\"https:\/\/mileon.files.wordpress.com\/2012\/03\/intubacion.jpg\"><img loading=\"lazy\" decoding=\"async\" class=\"alignright  wp-image-4322\" title=\"intubacion\" src=\"https:\/\/mileon.files.wordpress.com\/2012\/03\/intubacion.jpg?w=300\" alt=\"\" width=\"180\" height=\"180\" \/><\/a>Este martes fue el Dr. Juan Carlos Bermejo, responsable del manejo de la v\u00eda a\u00e9rea dif\u00edcil, el que revis\u00f3 los f\u00e1rmacos utilizados para esta t\u00e9cnica. En la presentaci\u00f3n se detallan los f\u00e1rmacos m\u00e1s \u00fatiles, sus indicaciones y sus efectos secundarios.<br \/>\n<a href=\"https:\/\/mileon.files.wordpress.com\/2012\/03\/vc3ada-ac3a9rea-fc3a1rmacos-2009.pdf\">Descargar Sesi\u00f3n aqu\u00ed<\/a><\/p>\n","protected":false},"excerpt":{"rendered":"<p>Este martes fue el Dr. Juan Carlos Bermejo, responsable del manejo de la v\u00eda a\u00e9rea dif\u00edcil, el que revis\u00f3 los f\u00e1rmacos utilizados para esta t\u00e9cnica. En la presentaci\u00f3n se detallan los f\u00e1rmacos m\u00e1s \u00fatiles, sus indicaciones y sus efectos secundarios. Descargar Sesi\u00f3n aqu\u00ed<\/p>\n","protected":false},"author":5,"featured_media":0,"comment_status":"open","ping_status":"open","sticky":false,"template":"","format":"standard","meta":{"jetpack_post_was_ever_published":false,"_jetpack_newsletter_access":"","_jetpack_dont_email_post_to_subs":false,"_jetpack_newsletter_tier_id":0,"_jetpack_memberships_contains_paywalled_content":false,"_jetpack_memberships_contains_paid_content":false,"footnotes":"","jetpack_publicize_message":"","jetpack_publicize_feature_enabled":true,"jetpack_social_post_already_shared":false,"jetpack_social_options":{"image_generator_settings":{"template":"highway","default_image_id":0,"font":"","enabled":false},"version":2}},"categories":[715],"tags":[777],"class_list":["post-4321","post","type-post","status-publish","format-standard","hentry","category-maitines","tag-bermejo"],"jetpack_publicize_connections":[],"jetpack_featured_media_url":"","jetpack_sharing_enabled":true,"post_mailing_queue_ids":[],"_links":{"self":[{"href":"https:\/\/www.icscyl.com\/mileon\/wp-json\/wp\/v2\/posts\/4321","targetHints":{"allow":["GET"]}}],"collection":[{"href":"https:\/\/www.icscyl.com\/mileon\/wp-json\/wp\/v2\/posts"}],"about":[{"href":"https:\/\/www.icscyl.com\/mileon\/wp-json\/wp\/v2\/types\/post"}],"author":[{"embeddable":true,"href":"https:\/\/www.icscyl.com\/mileon\/wp-json\/wp\/v2\/users\/5"}],"replies":[{"embeddable":true,"href":"https:\/\/www.icscyl.com\/mileon\/wp-json\/wp\/v2\/comments?post=4321"}],"version-history":[{"count":0,"href":"https:\/\/www.icscyl.com\/mileon\/wp-json\/wp\/v2\/posts\/4321\/revisions"}],"wp:attachment":[{"href":"https:\/\/www.icscyl.com\/mileon\/wp-json\/wp\/v2\/media?parent=4321"}],"wp:term":[{"taxonomy":"category","embeddable":true,"href":"https:\/\/www.icscyl.com\/mileon\/wp-json\/wp\/v2\/categories?post=4321"},{"taxonomy":"post_tag","embeddable":true,"href":"https:\/\/www.icscyl.com\/mileon\/wp-json\/wp\/v2\/tags?post=4321"}],"curies":[{"name":"wp","href":"https:\/\/api.w.org\/{rel}","templated":true}]}}