{"id":4089,"date":"2012-02-21T19:25:05","date_gmt":"2012-02-21T18:25:05","guid":{"rendered":"http:\/\/mileon.wordpress.com\/?p=4089"},"modified":"2012-02-21T19:25:05","modified_gmt":"2012-02-21T18:25:05","slug":"solucion-del-caso-clinico-del-15-de-febrero-de-2012-neoplasia-prostatica-metastasica","status":"publish","type":"post","link":"https:\/\/www.icscyl.com\/mileon\/sesiones-clinicas\/2012-02-21\/solucion-del-caso-clinico-del-15-de-febrero-de-2012-neoplasia-prostatica-metastasica\/","title":{"rendered":"Soluci\u00f3n del caso cl\u00ednico del 15 de febrero de 2012: Neoplasia prost\u00e1tica metast\u00e1sica."},"content":{"rendered":"<p style=\"text-align:justify;\"><a href=\"https:\/\/mileon.files.wordpress.com\/2012\/02\/imagen4.jpg\"><img loading=\"lazy\" decoding=\"async\" class=\"alignright size-thumbnail wp-image-4090\" title=\"imagen\" src=\"https:\/\/mileon.files.wordpress.com\/2012\/02\/imagen4.jpg?w=150\" alt=\"\" width=\"150\" height=\"78\" \/><\/a>El diagn\u00f3stico diferencial del caso lo aport\u00f3 el Dr. Joaqu\u00edn Llorente Garc\u00eda (R1 MI), ver presentaci\u00f3n <a href=\"https:\/\/mileon.files.wordpress.com\/2012\/02\/dr-llorente-sescli-feb12.pdf\">aqu\u00ed<\/a>.<br \/>\nRecordamos que se trataba de una var\u00f3n de 85 a\u00f1os con dolor en cadera derecha desde hac\u00eda un a\u00f1o y que cursa con alteraciones radiol\u00f3gicas y discreta elevaci\u00f3n de la fosfatasa alcalina. En los estudios que faltan destacamos una PSA de 204, un volumen prost\u00e1tico de 95 cc por ecograf\u00eda\u00a0 y un estudio gammagr\u00e1fico con met\u00e1stasis \u00f3seas diseminadas.<\/p>\n","protected":false},"excerpt":{"rendered":"<p>El diagn\u00f3stico diferencial del caso lo aport\u00f3 el Dr. Joaqu\u00edn Llorente Garc\u00eda (R1 MI), ver presentaci\u00f3n aqu\u00ed. Recordamos que se trataba de una var\u00f3n de 85 a\u00f1os con dolor en cadera derecha desde hac\u00eda un a\u00f1o y que cursa con alteraciones radiol\u00f3gicas y discreta elevaci\u00f3n de la fosfatasa alcalina. En los estudios que faltan destacamos [&hellip;]<\/p>\n","protected":false},"author":6,"featured_media":0,"comment_status":"open","ping_status":"open","sticky":false,"template":"","format":"standard","meta":{"jetpack_post_was_ever_published":false,"_jetpack_newsletter_access":"","_jetpack_dont_email_post_to_subs":false,"_jetpack_newsletter_tier_id":0,"_jetpack_memberships_contains_paywalled_content":false,"_jetpack_memberships_contains_paid_content":false,"footnotes":"","jetpack_publicize_message":"","jetpack_publicize_feature_enabled":true,"jetpack_social_post_already_shared":false,"jetpack_social_options":{"image_generator_settings":{"template":"highway","default_image_id":0,"font":"","enabled":false},"version":2}},"categories":[723],"tags":[],"class_list":["post-4089","post","type-post","status-publish","format-standard","hentry","category-sesiones-clinicas"],"jetpack_publicize_connections":[],"jetpack_featured_media_url":"","jetpack_sharing_enabled":true,"post_mailing_queue_ids":[],"_links":{"self":[{"href":"https:\/\/www.icscyl.com\/mileon\/wp-json\/wp\/v2\/posts\/4089","targetHints":{"allow":["GET"]}}],"collection":[{"href":"https:\/\/www.icscyl.com\/mileon\/wp-json\/wp\/v2\/posts"}],"about":[{"href":"https:\/\/www.icscyl.com\/mileon\/wp-json\/wp\/v2\/types\/post"}],"author":[{"embeddable":true,"href":"https:\/\/www.icscyl.com\/mileon\/wp-json\/wp\/v2\/users\/6"}],"replies":[{"embeddable":true,"href":"https:\/\/www.icscyl.com\/mileon\/wp-json\/wp\/v2\/comments?post=4089"}],"version-history":[{"count":0,"href":"https:\/\/www.icscyl.com\/mileon\/wp-json\/wp\/v2\/posts\/4089\/revisions"}],"wp:attachment":[{"href":"https:\/\/www.icscyl.com\/mileon\/wp-json\/wp\/v2\/media?parent=4089"}],"wp:term":[{"taxonomy":"category","embeddable":true,"href":"https:\/\/www.icscyl.com\/mileon\/wp-json\/wp\/v2\/categories?post=4089"},{"taxonomy":"post_tag","embeddable":true,"href":"https:\/\/www.icscyl.com\/mileon\/wp-json\/wp\/v2\/tags?post=4089"}],"curies":[{"name":"wp","href":"https:\/\/api.w.org\/{rel}","templated":true}]}}